{"id":134,"date":"2007-06-04T13:30:31","date_gmt":"2007-06-04T12:30:31","guid":{"rendered":"https:\/\/www.canal-literatura.es\/4certamen\/?p=134"},"modified":"2018-02-27T14:58:57","modified_gmt":"2018-02-27T13:58:57","slug":"la-entrega-de-premios-a-toda-pagina-en-el-periodico-la-verdad","status":"publish","type":"post","link":"https:\/\/www.canal-literatura.es\/4certamen\/?p=134","title":{"rendered":"La entrega de premios a toda p\u00e1gina en el peri\u00f3dico  LA VERDAD"},"content":{"rendered":"<div class=\"pdfprnt-buttons pdfprnt-buttons-post pdfprnt-top-right\"><a href=\"https:\/\/www.canal-literatura.es\/4certamen\/index.php?rest_route=%2Fwp%2Fv2%2Fposts%2F134&print=pdf\" class=\"pdfprnt-button pdfprnt-button-pdf\" target=\"_blank\"><img src=\"https:\/\/www.canal-literatura.es\/4certamen\/wp-content\/plugins\/pdf-print\/images\/pdf.png\" alt=\"image_pdf\" title=\"View PDF\" \/><\/a><a href=\"https:\/\/www.canal-literatura.es\/4certamen\/index.php?rest_route=%2Fwp%2Fv2%2Fposts%2F134&print=print\" class=\"pdfprnt-button pdfprnt-button-print\" target=\"_blank\"><img src=\"https:\/\/www.canal-literatura.es\/4certamen\/wp-content\/plugins\/pdf-print\/images\/print.png\" alt=\"image_print\" title=\"Print Content\" \/><\/a><\/div><p><center><a href=\"https:\/\/www.canal-literatura.es\/Noticias\/entregaenlaverdad07.pdf\"><img decoding=\"async\" src=\"https:\/\/www.canal-literatura.es\/Noticias\/entregaenlaverdadop.jpg\" border=\"0\" \/> <\/a><br \/>\nPincha en la imagen para descargarte la versi\u00f3n en PDF.<\/center>&nbsp;<\/p>\n<p>El peri\u00f3dico LA VERDAD de Murcia publica a toda p\u00e1gina la noticia de la entrega de premios celebrada el s\u00e1bado en Murcia.<\/p>\n<p><!--more--><br \/>\nDesde estas p\u00e1ginas queremos agradecer a LA VERDAD y Laverdad.es el apoyo informativo que brindan a la Asociaci\u00f3n Canal Literatura en el cumplimiento de uno de sus fines, que es promocionar a los escritores noveles.<\/p>\n<p><center><\/center>El peri\u00f3dico LA VERDAD se vende tambi\u00e9n en otras ciudades espa\u00f1olas como Madrid y Barcelona etc.. por si alg\u00fan interesado quiere conservar la versi\u00f3n original en prensa.<\/p>\n<p><center><a href=\"https:\/\/www.laverdad.es\/murcia\/prensa\/20070604\/cultura_murcia\/escritora-carmen-posadas-preside_20070604.html\" target=\"_new\">Aqu\u00ed tambi\u00e9n puedes verlo en Laverdad.es <\/a><\/center>&nbsp;<\/p>\n","protected":false},"excerpt":{"rendered":"<p>Pincha en la imagen para descargarte la versi\u00f3n en PDF.&nbsp; El peri\u00f3dico LA VERDAD de Murcia publica a toda p\u00e1gina la noticia de la entrega de premios celebrada el s\u00e1bado en Murcia.<\/p>\n","protected":false},"author":2,"featured_media":0,"comment_status":"open","ping_status":"open","sticky":false,"template":"","format":"standard","meta":[],"categories":[4],"tags":[],"_links":{"self":[{"href":"https:\/\/www.canal-literatura.es\/4certamen\/index.php?rest_route=\/wp\/v2\/posts\/134"}],"collection":[{"href":"https:\/\/www.canal-literatura.es\/4certamen\/index.php?rest_route=\/wp\/v2\/posts"}],"about":[{"href":"https:\/\/www.canal-literatura.es\/4certamen\/index.php?rest_route=\/wp\/v2\/types\/post"}],"author":[{"embeddable":true,"href":"https:\/\/www.canal-literatura.es\/4certamen\/index.php?rest_route=\/wp\/v2\/users\/2"}],"replies":[{"embeddable":true,"href":"https:\/\/www.canal-literatura.es\/4certamen\/index.php?rest_route=%2Fwp%2Fv2%2Fcomments&post=134"}],"version-history":[{"count":3,"href":"https:\/\/www.canal-literatura.es\/4certamen\/index.php?rest_route=\/wp\/v2\/posts\/134\/revisions"}],"predecessor-version":[{"id":271,"href":"https:\/\/www.canal-literatura.es\/4certamen\/index.php?rest_route=\/wp\/v2\/posts\/134\/revisions\/271"}],"wp:attachment":[{"href":"https:\/\/www.canal-literatura.es\/4certamen\/index.php?rest_route=%2Fwp%2Fv2%2Fmedia&parent=134"}],"wp:term":[{"taxonomy":"category","embeddable":true,"href":"https:\/\/www.canal-literatura.es\/4certamen\/index.php?rest_route=%2Fwp%2Fv2%2Fcategories&post=134"},{"taxonomy":"post_tag","embeddable":true,"href":"https:\/\/www.canal-literatura.es\/4certamen\/index.php?rest_route=%2Fwp%2Fv2%2Ftags&post=134"}],"curies":[{"name":"wp","href":"https:\/\/api.w.org\/{rel}","templated":true}]}}