{"id":1009,"date":"2009-04-15T23:49:08","date_gmt":"2009-04-15T21:49:08","guid":{"rendered":"http:\/\/www.canal-literatura.es\/6certamen\/?p=1009"},"modified":"2009-04-16T13:37:30","modified_gmt":"2009-04-16T11:37:30","slug":"189-un-dia-de-abuelo-por-reni","status":"publish","type":"post","link":"https:\/\/www.canal-literatura.es\/6certamen\/?p=1009","title":{"rendered":"189-Un d\u00eda de abuelo. Por Reni"},"content":{"rendered":"<p class=\"MsoNormal\" style=\"margin: 0cm 0cm 0pt; line-height: 200%; text-align: justify;\"><span style=\"font-size: 10pt; line-height: 200%; font-family: Verdana;\">\u00c1ngeles acompa\u00f1aba todos los s\u00e1bados a su abuelo a la sede de la Asociaci\u00f3n. Era el \u00fanico d\u00eda de la semana que pod\u00eda hacerlo.<!--more-->\u00a0Tras dos horas de terapias, acababan sentados en una de las mesas de la cafeter\u00eda, donde ped\u00eda una bolsita de patatas <em style=\"mso-bidi-font-style: normal;\">chip<\/em> para acompa\u00f1ar su bebida de cola preferida. Su abuelo sol\u00eda abstenerse de tomar, aunque los d\u00edas m\u00e1s fr\u00edos del invierno, beb\u00eda unas hierbas de poleo menta para calentarse. La se\u00f1ora Mercedes siempre rogaba un caf\u00e9 mezclado con leche desnatada, descafeinado y endulzado con sacarina. El se\u00f1or Aguirre era de botell\u00edn de agua, pero no siempre pod\u00eda acudir. Aquella misma ma\u00f1ana, avis\u00f3 por tel\u00e9fono indicando a Carmina que amaneci\u00f3 p\u00e9simo: \u201cM\u00e1s mal me sabe a m\u00ed. Soy el principal interesado en acudir a tu clase. Mis m\u00fasculos necesitan ser ejercitados, pero que te voy a contar que t\u00fa no sepas. En unos momentos est\u00e1s bien y en otros no te puedes mover. Es desesperante\u201d. Mois\u00e9s, en cambio, no sol\u00eda fallar. Era un moreno alto y atractivo, siempre fiel a su bocadillo de tira de carne. Se trataba del asistente m\u00e1s joven de las clases y el preferido de la peque\u00f1a \u00c1ngeles. Constantemente, improvisaba nuevos juegos con ella y no paraba de hacerla re\u00edr. Le hab\u00edan diagnosticado el Parkinson hac\u00eda los mismos a\u00f1os que al se\u00f1or Mar\u00edn. El abuelo de \u00c1ngeles hab\u00eda trabajado toda su vida para la compa\u00f1\u00eda de ferrocarriles estatal, pero el desarrollo de la enfermedad le acab\u00f3 obligando a precipitar su jubilaci\u00f3n. Caminando hacia el mercado callejero, donde todas las ma\u00f1anas de los s\u00e1bados compraban la madre y la abuela de \u00c1ngeles, \u00e9sta hizo sonre\u00edr a su abuelo con una de sus ocurrentes visiones:<\/span><\/p>\n<p class=\"MsoNormal\" style=\"margin: 0cm 0cm 0pt; line-height: 200%; text-align: justify;\"><span style=\"font-size: 10pt; line-height: 200%; font-family: Verdana;\"><span style=\"mso-spacerun: yes;\">\u00a0<\/span>-\u00bfPor qu\u00e9 no pruebas de trabajar en lo de Mois\u00e9s? T\u00fa siempre dices que desear\u00edas volver al mundo laboral. <\/span><\/p>\n<p class=\"MsoNormal\" style=\"margin: 0cm 0cm 0pt; line-height: 200%; text-align: justify;\"><span style=\"font-size: 10pt; line-height: 200%; font-family: Verdana;\"><span style=\"mso-spacerun: yes;\">\u00a0<\/span>-\u00bfMundo laboral?<\/span><\/p>\n<p class=\"MsoNormal\" style=\"margin: 0cm 0cm 0pt; line-height: 200%; text-align: justify;\"><span style=\"font-size: 10pt; line-height: 200%; font-family: Verdana;\"><span style=\"mso-spacerun: yes;\">\u00a0<\/span>-\u00a1A que suena bien! Nos lo ense\u00f1aron el otro d\u00eda en el colegio. En la clase de sociales. <\/span><\/p>\n<p class=\"MsoNormal\" style=\"margin: 0cm 0cm 0pt; line-height: 200%; text-align: justify;\"><span style=\"font-size: 10pt; line-height: 200%; font-family: Verdana;\"><span style=\"mso-spacerun: yes;\">\u00a0<\/span>-No hace falta que grites tanto, chiquilla. Los enfermos de Parkinson no somos duros de o\u00eddos.<\/span><\/p>\n<p class=\"MsoNormal\" style=\"margin: 0cm 0cm 0pt; line-height: 200%; text-align: justify;\"><span style=\"font-size: 10pt; line-height: 200%; font-family: Verdana;\"><span style=\"mso-spacerun: yes;\">\u00a0<\/span>-Perd\u00f3n, abuelo. Siempre se me olvida. <\/span><\/p>\n<p class=\"MsoNormal\" style=\"margin: 0cm 0cm 0pt; line-height: 200%; text-align: justify;\"><span style=\"font-size: 10pt; line-height: 200%; font-family: Verdana;\"><span style=\"mso-spacerun: yes;\">\u00a0<\/span>-No hay trabajos especiales para nosotros, \u00c1ngeles. \u00bfRecuerdas que te expliqu\u00e9 que era una enfermedad compleja? <\/span><\/p>\n<p class=\"MsoNormal\" style=\"margin: 0cm 0cm 0pt; line-height: 200%; text-align: justify;\"><span style=\"font-size: 10pt; line-height: 200%; font-family: Verdana;\"><span style=\"mso-spacerun: yes;\">\u00a0<\/span>-S\u00ed, que depend\u00eda de muchas cosas. <\/span><\/p>\n<p class=\"MsoNormal\" style=\"margin: 0cm 0cm 0pt; line-height: 200%; text-align: justify;\"><span style=\"font-size: 10pt; line-height: 200%; font-family: Verdana;\"><span style=\"mso-spacerun: yes;\">\u00a0<\/span>-De las personas, de las etapas\u2026 En cada paciente, los s\u00edntomas pueden llegar a ser distintos -afirm\u00f3 mostrando a su nieta la rigidez que imped\u00eda a sus piernas andar con la soltura de anta\u00f1o-. Incluso los hay que no tienen porqu\u00e9 temblar como yo tiemblo. <\/span><\/p>\n<p class=\"MsoNormal\" style=\"margin: 0cm 0cm 0pt; line-height: 200%; text-align: justify;\"><span style=\"font-size: 10pt; line-height: 200%; font-family: Verdana;\"><span style=\"mso-spacerun: yes;\">\u00a0<\/span>-Pero t\u00fa no siempre tiemblas.<\/span><\/p>\n<p class=\"MsoNormal\" style=\"margin: 0cm 0cm 0pt; line-height: 200%; text-align: justify;\"><span style=\"font-size: 10pt; line-height: 200%; font-family: Verdana;\"><span style=\"mso-spacerun: yes;\">\u00a0<\/span>-No siempre, tienes raz\u00f3n, cari\u00f1o. Ves, ahora s\u00ed que lo hago. Me has emocionado, y en esas, no hay escapatoria posible. Antes intentaba ocultarlo. <\/span><\/p>\n<p class=\"MsoNormal\" style=\"margin: 0cm 0cm 0pt; line-height: 200%; text-align: justify;\"><span style=\"font-size: 10pt; line-height: 200%; font-family: Verdana;\"><span style=\"mso-spacerun: yes;\">\u00a0<\/span>-\u00bfPara que no se fijaran en ti?<\/span><\/p>\n<p class=\"MsoNormal\" style=\"margin: 0cm 0cm 0pt; line-height: 200%; text-align: justify;\"><span style=\"font-size: 10pt; line-height: 200%; font-family: Verdana;\"><span style=\"mso-spacerun: yes;\">\u00a0<\/span>-A nadie le gusta que se fijen en uno o una por una cosa como esa. \u00bfTe agrad\u00f3 el cuento que te escribi\u00f3 Mois\u00e9s el otro d\u00eda?<\/span><\/p>\n<p class=\"MsoNormal\" style=\"margin: 0cm 0cm 0pt; line-height: 200%; text-align: justify;\"><span style=\"font-size: 10pt; line-height: 200%; font-family: Verdana;\"><span style=\"mso-spacerun: yes;\">\u00a0<\/span>-Mucho. No me lo esperaba. Me explic\u00f3 que hace un par de a\u00f1os no pod\u00eda escribir su nombre sin demorarse una hora. <\/span><\/p>\n<p class=\"MsoNormal\" style=\"margin: 0cm 0cm 0pt; line-height: 200%; text-align: justify;\"><span style=\"font-size: 10pt; line-height: 200%; font-family: Verdana;\"><span style=\"mso-spacerun: yes;\">\u00a0<\/span>-Mois\u00e9s ejemplifica el esfuerzo mejor que ninguno de nosotros. Es un chico vital, que naci\u00f3 con genes de luchador nato. Trabaj\u00f3 y trabaja duro. No creas que le resulta nada f\u00e1cil escribir con cierta perfecci\u00f3n y a una velocidad adecuada.<\/span><\/p>\n<p class=\"MsoNormal\" style=\"margin: 0cm 0cm 0pt; line-height: 200%; text-align: justify;\"><span style=\"font-size: 10pt; line-height: 200%; font-family: Verdana;\"><span style=\"mso-spacerun: yes;\">\u00a0<\/span>-No, no lo creo.<\/span><\/p>\n<p class=\"MsoNormal\" style=\"margin: 0cm 0cm 0pt; line-height: 200%; text-align: justify;\"><span style=\"font-size: 10pt; line-height: 200%; font-family: Verdana;\"><span style=\"mso-spacerun: yes;\">\u00a0<\/span>-Con treinta y seis a\u00f1os, nadie puede esperar que el diagn\u00f3stico de la sobrevenida rigidez, o los temblores, sea el dichoso parkinson, y mucho menos, seguir enfocando la vida con la vitalidad con la que \u00e9l la encara.<\/span><\/p>\n<p class=\"MsoNormal\" style=\"margin: 0cm 0cm 0pt; line-height: 200%; text-align: justify;\"><span style=\"font-size: 10pt; line-height: 200%; font-family: Verdana;\"><span style=\"mso-spacerun: yes;\">\u00a0<\/span>-Carmina dijo que hay ni\u00f1os que sufren ese padecimiento. \u00bfPodr\u00eda tenerlo yo?<\/span><\/p>\n<p class=\"MsoNormal\" style=\"margin: 0cm 0cm 0pt; line-height: 200%; text-align: justify;\"><span style=\"font-size: 10pt; line-height: 200%; font-family: Verdana;\"><span style=\"mso-spacerun: yes;\">\u00a0<\/span>-No pienses en enfermedades,<span style=\"mso-spacerun: yes;\">\u00a0 <\/span>\u00c1ngeles. Los ni\u00f1os no piensan en eso. En todo caso, puestos a pensar, hazlo en disfrutar la vida con la gente que las tiene. Yo tambi\u00e9n estoy pensado\u2026 El s\u00e1bado que viene volveremos a tener una sesi\u00f3n de ritmos con los tambores.<\/span><\/p>\n<p class=\"MsoNormal\" style=\"margin: 0cm 0cm 0pt; line-height: 200%; text-align: justify;\"><span style=\"font-size: 10pt; line-height: 200%; font-family: Verdana;\"><span style=\"mso-spacerun: yes;\">\u00a0<\/span>-\u00a1Bien!<\/span><\/p>\n<p class=\"MsoNormal\" style=\"margin: 0cm 0cm 0pt; line-height: 200%; text-align: justify;\"><span style=\"font-size: 10pt; line-height: 200%; font-family: Verdana;\"><span style=\"mso-spacerun: yes;\">\u00a0<\/span>-\u00a1Bien, bien, bien! Con ritmo. \u00a1Madre m\u00eda! \u00a1Qu\u00e9 me la cargo! \u00a1Abot\u00f3nate el chaquet\u00f3n que te vas a resfriar!<\/span><\/p>\n<p class=\"MsoNormal\" style=\"margin: 0cm 0cm 0pt; line-height: 200%; text-align: justify;\"><span style=\"font-size: 10pt; line-height: 200%; font-family: Verdana;\"><span style=\"mso-spacerun: yes;\">\u00a0<\/span>-\u00a1Pero si no hace tanto fr\u00edo!<\/span><\/p>\n<p class=\"MsoNormal\" style=\"margin: 0cm 0cm 0pt; line-height: 200%; text-align: justify;\"><span style=\"font-size: 10pt; line-height: 200%; font-family: Verdana;\"><span style=\"mso-spacerun: yes;\">\u00a0<\/span>-Eso es lo que a ti te parece. Ves a esa se\u00f1ora de all\u00ed. No creo que opine lo mismo.<\/span><\/p>\n<p class=\"MsoNormal\" style=\"margin: 0cm 0cm 0pt; line-height: 200%; text-align: justify;\"><span style=\"font-size: 10pt; line-height: 200%; font-family: Verdana;\"><span style=\"mso-spacerun: yes;\">\u00a0<\/span>Caminando junto a sus otras dos mujeres, Jos\u00e9 Antonio Mar\u00edn escuch\u00f3 la lista de productos aparentemente innecesarios que su hija y esposa compraron durante su jornada matinal. En la acera de la farmacia, su mujer se interes\u00f3 por el medicamento que Jos\u00e9 Antonio le hab\u00eda comentado que le faltaba. \u00c9ste aguard\u00f3 en el exterior junto a su nieta. Sinti\u00e9ndose afortunado. A diferencia de alguna de las<span style=\"mso-spacerun: yes;\">\u00a0 <\/span>personas que acud\u00edan a la Asociaci\u00f3n, contaba con un magn\u00edfico tr\u00edo de apoyo, muchos amigos, recib\u00eda una pensi\u00f3n y dispon\u00eda de algo de dinero ahorrado. La Propola, Mirtazaprina, y las otras muchas pastillas, eran unos grandiosos aliados para controlar los s\u00edntomas de la enfermedad, pero excesivamente caros para quien no quedaba cubierto por el Seguro Social. Mirando fijamente a su nieta, Jos\u00e9 Antonio sonri\u00f3. Le quedaban muchas vivencias que compartir con ella. Muchos domingos, lunes, martes, mi\u00e9rcoles, jueves y viernes. Todos, igual de agradables que el s\u00e1bado que acababan de empezar.<\/span><\/p>\n","protected":false},"excerpt":{"rendered":"<p>\u00c1ngeles acompa\u00f1aba todos los s\u00e1bados a su abuelo a la sede de la Asociaci\u00f3n. Era el \u00fanico d\u00eda de la semana que pod\u00eda hacerlo.<\/p>\n<p> <a class=\"continue-reading-link\" href=\"https:\/\/www.canal-literatura.es\/6certamen\/?p=1009\"><span>Continuar leyendo<\/span><i class=\"crycon-right-dir\"><\/i><\/a> <\/p>\n","protected":false},"author":1,"featured_media":0,"comment_status":"open","ping_status":"open","sticky":false,"template":"","format":"standard","meta":[],"categories":[3],"tags":[],"amp_enabled":true,"_links":{"self":[{"href":"https:\/\/www.canal-literatura.es\/6certamen\/index.php?rest_route=\/wp\/v2\/posts\/1009"}],"collection":[{"href":"https:\/\/www.canal-literatura.es\/6certamen\/index.php?rest_route=\/wp\/v2\/posts"}],"about":[{"href":"https:\/\/www.canal-literatura.es\/6certamen\/index.php?rest_route=\/wp\/v2\/types\/post"}],"author":[{"embeddable":true,"href":"https:\/\/www.canal-literatura.es\/6certamen\/index.php?rest_route=\/wp\/v2\/users\/1"}],"replies":[{"embeddable":true,"href":"https:\/\/www.canal-literatura.es\/6certamen\/index.php?rest_route=%2Fwp%2Fv2%2Fcomments&post=1009"}],"version-history":[{"count":0,"href":"https:\/\/www.canal-literatura.es\/6certamen\/index.php?rest_route=\/wp\/v2\/posts\/1009\/revisions"}],"wp:attachment":[{"href":"https:\/\/www.canal-literatura.es\/6certamen\/index.php?rest_route=%2Fwp%2Fv2%2Fmedia&parent=1009"}],"wp:term":[{"taxonomy":"category","embeddable":true,"href":"https:\/\/www.canal-literatura.es\/6certamen\/index.php?rest_route=%2Fwp%2Fv2%2Fcategories&post=1009"},{"taxonomy":"post_tag","embeddable":true,"href":"https:\/\/www.canal-literatura.es\/6certamen\/index.php?rest_route=%2Fwp%2Fv2%2Ftags&post=1009"}],"curies":[{"name":"wp","href":"https:\/\/api.w.org\/{rel}","templated":true}]}}