{"id":1055,"date":"2009-04-15T23:57:41","date_gmt":"2009-04-15T21:57:41","guid":{"rendered":"http:\/\/www.canal-literatura.es\/6certamen\/?p=1055"},"modified":"2009-04-16T14:43:30","modified_gmt":"2009-04-16T12:43:30","slug":"200-la-barra-de-labios-por-johanna","status":"publish","type":"post","link":"https:\/\/www.canal-literatura.es\/6certamen\/?p=1055","title":{"rendered":"200-La barra de labios. Por Johanna"},"content":{"rendered":"<p class=\"MsoNormal\" style=\"margin: 0cm 0cm 0pt; line-height: 200%; text-align: justify;\"><span style=\"font-size: 10pt; line-height: 200%; font-family: Verdana;\">\u201cEn realidad no parece tan desagradable\u201d \u2013pens\u00f3 Isabel cuando lleg\u00f3 con la peque\u00f1a maleta, y el neceser en la mano.<!--more--><\/span><\/p>\n<p class=\"MsoNormal\" style=\"margin: 0cm 0cm 0pt; line-height: 200%; text-align: justify;\"><span style=\"font-size: 10pt; line-height: 200%; font-family: Verdana;\">\u00a0<\/span><\/p>\n<p class=\"MsoNormal\" style=\"margin: 0cm 0cm 0pt; line-height: 200%; text-align: justify;\"><span style=\"font-size: 10pt; line-height: 200%; font-family: Verdana;\">Mir\u00f3 la habitaci\u00f3n, algo desabrida, con un visillo blanco que tapaba \u00fanicamente el hueco de la ventana. Parec\u00eda uno de esos hoteles baratos en los cuales, si tiras con brusquedad de las cortinas, te quedas con ellas en las manos. Se asom\u00f3 y ten\u00eda vistas a la zona ajardinada que pertenec\u00eda al centro. Dos camas individuales, con sus respectivas mesillas de noche, acondicionaban la estancia; sobre las cuales, unas colchas color verde agua eran el \u00fanico toque de color en la sala. Isabel, sin decir nada, dej\u00f3 la maleta en el suelo, y <span style=\"mso-spacerun: yes;\">\u00a0<\/span>el neceser sobre la cama que estaba junto a la ventana. Tom\u00f3 su bolso, lo abri\u00f3 con parsimonia y, tras sacar un libro -como si hubiese hecho un conjuro invocando a todos los dioses- se recost\u00f3 en la cama a leerlo.<\/span><\/p>\n<p class=\"MsoNormal\" style=\"margin: 0cm 0cm 0pt; line-height: 200%; text-align: justify;\"><span style=\"font-size: 10pt; line-height: 200%; font-family: Verdana;\">\u00a0<\/span><\/p>\n<p class=\"MsoNormal\" style=\"margin: 0cm 0cm 0pt; line-height: 200%; text-align: justify;\"><span style=\"font-size: 10pt; line-height: 200%; font-family: Verdana;\">Poco dur\u00f3 su tranquilidad. Empez\u00f3 a escuchar voces por el pasillo.<\/span><\/p>\n<p class=\"MsoNormal\" style=\"margin: 0cm 0cm 0pt; line-height: 200%; text-align: justify;\"><span style=\"font-size: 10pt; line-height: 200%; font-family: Verdana;\">-\u00bfC\u00f3mo? \u00bfSin dec\u00edrmelo antes? \u00bfSin mi permiso siquiera? \u00a1De ninguna manera pienso aguantarla!<\/span><\/p>\n<p class=\"MsoNormal\" style=\"margin: 0cm 0cm 0pt; line-height: 200%; text-align: justify;\"><span style=\"font-size: 10pt; line-height: 200%; font-family: Verdana;\">\u00a0<\/span><\/p>\n<p class=\"MsoNormal\" style=\"margin: 0cm 0cm 0pt; line-height: 200%; text-align: justify;\"><span style=\"font-size: 10pt; line-height: 200%; font-family: Verdana;\">Un hurac\u00e1n entr\u00f3 en la habitaci\u00f3n, y con un golpe en la puerta s\u00f3lo se escuch\u00f3 la voz chillona de Ana.<\/span><\/p>\n<p class=\"MsoNormal\" style=\"margin: 0cm 0cm 0pt; line-height: 200%; text-align: justify;\"><span style=\"font-size: 10pt; line-height: 200%; font-family: Verdana;\">-\u00bfQui\u00e9n narices eres t\u00fa, y qu\u00e9 haces en mi cama? \u00a1Vamos! \u00a1Levanta el pandero de ah\u00ed a la de YA!<\/span><\/p>\n<p class=\"MsoNormal\" style=\"margin: 0cm 0cm 0pt; line-height: 200%; text-align: justify;\"><span style=\"font-size: 10pt; line-height: 200%; font-family: Verdana;\">\u00a0<\/span><\/p>\n<p class=\"MsoNormal\" style=\"margin: 0cm 0cm 0pt; line-height: 200%; text-align: justify;\"><span style=\"font-size: 10pt; line-height: 200%; font-family: Verdana;\">Isabel, estupefacta, no pod\u00eda articular palabra. Se levant\u00f3 de la cama sin soltar el libro, se retir\u00f3 hacia la ventana y pregunt\u00f3 con voz muy baja si ella era su compa\u00f1era de cuarto. Y esa era la realidad, ese torbellino con voz de grillo ser\u00eda la acompa\u00f1ante de sus d\u00edas estivales. Mas la cosa pintaba fea, y s\u00f3lo hab\u00eda hecho empezar. As\u00ed que retir\u00f3 todo lo suyo y lo dispuso en la otra cama. Ana, aunque m\u00e1s joven, era la veterana y ten\u00eda derechos que ella no ten\u00eda, as\u00ed que, de momento \u201chaciendo mutis por el foro\u201d.<\/span><\/p>\n<p class=\"MsoNormal\" style=\"margin: 0cm 0cm 0pt; line-height: 200%; text-align: justify;\"><span style=\"font-size: 10pt; line-height: 200%; font-family: Verdana;\">\u00a0<\/span><\/p>\n<p class=\"MsoNormal\" style=\"margin: 0cm 0cm 0pt; line-height: 200%; text-align: justify;\"><span style=\"font-size: 10pt; line-height: 200%; font-family: Verdana;\">Conforme pasaban los d\u00edas, Isabel se iba adaptando al calor veraniego, a los nuevos compa\u00f1eros, a Ana y sus berrinches. Le encantaba, sobre todo, la hora de gimnasia porque estaba notando que hacer ejercicio era algo que estaba sent\u00e1ndole muy bien, y nunca hab\u00eda cuidado demasiado su aspecto f\u00edsico. De hecho, si estaba empezando a hacerlo era debido al fisioterapeuta que controlaba toda la tabla de ejercicios, un muchacho muy atractivo que las ten\u00eda a todas \u201clocas\u201d. Evidentemente, Isabel y Ana no iban a ser menos. Pero siendo compa\u00f1eras de habitaci\u00f3n, la probabilidad de disonancia entre estas dos bellas notas musicales era realmente alta. Tan alta que, de un d\u00eda para otro, comienza una guerra campal.<\/span><\/p>\n<p class=\"MsoNormal\" style=\"margin: 0cm 0cm 0pt; line-height: 200%; text-align: justify;\"><span style=\"font-size: 10pt; line-height: 200%; font-family: Verdana;\">\u00a0<\/span><\/p>\n<p class=\"MsoNormal\" style=\"margin: 0cm 0cm 0pt; line-height: 200%; text-align: justify;\"><span style=\"font-size: 10pt; line-height: 200%; font-family: Verdana;\">-\u201c\u00bfD\u00f3nde la has puesto? Has sido t\u00fa, seguro. Nadie ha podido entrar en la habitaci\u00f3n m\u00e1s que t\u00fa. \u00a1Eres una v\u00edbora!\u201d \u2013increpa Isabel, con tono dolido y lloroso a su compa\u00f1era.<\/span><\/p>\n<p class=\"MsoNormal\" style=\"margin: 0cm 0cm 0pt; line-height: 200%; text-align: justify;\"><span style=\"font-size: 10pt; line-height: 200%; font-family: Verdana;\">-\u201c\u00bf\u00bfYo?? No s\u00e9 de qu\u00e9 me hablas. \u00a1Y no me insultes!\u201d<\/span><\/p>\n<p class=\"MsoNormal\" style=\"margin: 0cm 0cm 0pt; line-height: 200%; text-align: justify;\"><span style=\"font-size: 10pt; line-height: 200%; font-family: Verdana;\">-\u201c\u00a1Que me la des! \u00a1Quiero mi barrita de labios color coral! Me hace juego con la cinta del pelo\u2026\u201d \u2013casi llorando- \u201c\u00a1Devu\u00e9lvemela, es m\u00eda! \u00a1Ladrona!\u201d<\/span><\/p>\n<p class=\"MsoNormal\" style=\"margin: 0cm 0cm 0pt; line-height: 200%; text-align: justify;\"><span style=\"font-size: 10pt; line-height: 200%; font-family: Verdana;\">-\u201c\u00a1Ja! \u00bfRobarte yo esa barra de labios? \u00a1Pero si tiene un color espantoso! Eso no conjunta ni con mi pijama viejo\u2026 Adem\u00e1s, est\u00e1s horrorosa con ella; Isabel, mejor que la hayas perdido.\u201d<\/span><\/p>\n<p class=\"MsoNormal\" style=\"margin: 0cm 0cm 0pt; line-height: 200%; text-align: justify;\"><span style=\"font-size: 10pt; line-height: 200%; font-family: Verdana;\">-\u201cDe horrorosa nada, que a Eloy le encanta como me queda. Siempre me lo dice cuando llegamos al gimnasio.\u201d<\/span><\/p>\n<p class=\"MsoNormal\" style=\"margin: 0cm 0cm 0pt; line-height: 200%; text-align: justify;\"><span style=\"font-size: 10pt; line-height: 200%; font-family: Verdana;\">-\u201cIsabelita, hija, qu\u00e9 ilusa eres, te lo crees todo. \u00bfPero todav\u00eda no te has dado cuenta que t\u00fa no le gustas?\u201d<\/span><\/p>\n<p class=\"MsoNormal\" style=\"margin: 0cm 0cm 0pt; line-height: 200%; text-align: justify;\"><span style=\"font-size: 10pt; line-height: 200%; font-family: Verdana;\">-\u201c\u00bfC\u00f3mo que no le gusto? Pero si es un primor conmigo, y es tan atento\u2026\u201d<\/span><\/p>\n<p class=\"MsoNormal\" style=\"margin: 0cm 0cm 0pt; line-height: 200%; text-align: justify;\"><span style=\"font-size: 10pt; line-height: 200%; font-family: Verdana;\">-\u201cPor eso mismo no le gustas, porque es atento; s\u00f3lo te adula por cortes\u00eda. Quien le gusto soy yo\u201d<\/span><\/p>\n<p class=\"MsoNormal\" style=\"margin: 0cm 0cm 0pt; line-height: 200%; text-align: justify;\"><span style=\"font-size: 10pt; line-height: 200%; font-family: Verdana;\">-\u201cNi hablar, le gusto yo, \u00bfc\u00f3mo le vas a gustar t\u00fa, delgaducha?\u201d<\/span><\/p>\n<p class=\"MsoNormal\" style=\"margin: 0cm 0cm 0pt; line-height: 200%; text-align: justify;\"><span style=\"font-size: 10pt; line-height: 200%; font-family: Verdana;\">-\u201c\u00a1Ja! Le gusto yo, deseng\u00e1\u00f1ate\u201d<\/span><\/p>\n<p class=\"MsoNormal\" style=\"margin: 0cm 0cm 0pt; line-height: 200%; text-align: justify;\"><span style=\"font-size: 10pt; line-height: 200%; font-family: Verdana;\">-\u201c\u00a1No, no, y no! \u00a1Le gusto yo!\u201d<\/span><\/p>\n<p class=\"MsoNormal\" style=\"margin: 0cm 0cm 0pt; line-height: 200%; text-align: justify;\"><span style=\"font-size: 10pt; line-height: 200%; font-family: Verdana;\">\u00a0<\/span><\/p>\n<p class=\"MsoNormal\" style=\"margin: 0cm 0cm 0pt; line-height: 200%; text-align: justify;\"><span style=\"font-size: 10pt; line-height: 200%; font-family: Verdana;\">Le gusto yo, le gusto yo, le gusto yo\u2026 y as\u00ed los gritos fueron aumentando, y ensordeciendo todo el pabell\u00f3n, hasta que moment\u00e1neamente irrumpi\u00f3 un responsable del centro en la habitaci\u00f3n de ambas.<\/span><\/p>\n<p class=\"MsoNormal\" style=\"margin: 0cm 0cm 0pt; line-height: 200%; text-align: justify;\"><span style=\"font-size: 10pt; line-height: 200%; font-family: Verdana;\">\u00a0<\/span><\/p>\n<p class=\"MsoNormal\" style=\"margin: 0cm 0cm 0pt; line-height: 200%; text-align: justify;\"><span style=\"font-size: 10pt; line-height: 200%; font-family: Verdana;\">-\u201cBuenas tardes, \u00bfse puede saber a qu\u00e9 se debe esta algarab\u00eda?\u201d<\/span><\/p>\n<p class=\"MsoNormal\" style=\"margin: 0cm 0cm 0pt; line-height: 200%; text-align: justify;\"><span style=\"font-size: 10pt; line-height: 200%; font-family: Verdana;\">-\u201cMuy sencillo, Ana me ha robado mi barra de labios, y \u2026\u201d<\/span><\/p>\n<p class=\"MsoNormal\" style=\"margin: 0cm 0cm 0pt; line-height: 200%; text-align: justify;\"><span style=\"font-size: 10pt; line-height: 200%; font-family: Verdana;\">-El responsable interrumpe a Isabel \u201c\u00bfPero os parece bonito a vuestra edad? Se\u00f1oras mayores, ochentonas, pasando el verano en una residencia \u00bfy peleando por una m\u00edsera barra de labios? Vamos, Ana, si la tienes, devu\u00e9lvesela, y si no, dejaos de bobadas, que parec\u00e9is quincea\u00f1eras. \u00a1Por Dios! Que ya sois mayorcitas, os la prest\u00e1is, y santas pascuas. No es tan dif\u00edcil convivir y llevarse bien, \u00a1vamos, digo yo! Espero que<span style=\"mso-spacerun: yes;\">\u00a0 <\/span>una situaci\u00f3n como esta no vuelva a repetirse m\u00e1s.\u201d<\/span><\/p>\n<p class=\"MsoNormal\" style=\"margin: 0cm 0cm 0pt; line-height: 200%; text-align: justify;\"><span style=\"font-size: 10pt; line-height: 200%; font-family: Verdana;\">\u00a0<\/span><\/p>\n<p class=\"MsoNormal\" style=\"margin: 0cm 0cm 0pt; line-height: 200%; text-align: justify;\"><span style=\"font-size: 10pt; line-height: 200%; font-family: Verdana;\">Isabel, consternada, cogi\u00f3 su libro, mir\u00f3 a Ana fijamente a los ojos, como si quisiese atravesarla \u00fanicamente con la mirada, con el expreso deseo de leer su pensamiento intentando adivinar el escondite secreto donde ten\u00eda su mayor tesoro: su lapiz labial. Mas como no cab\u00eda esa posibilidad, no tuvo otra alternativa que salir del habit\u00e1culo que compart\u00edan, ya que s\u00f3lo podr\u00eda sentir alivio estrangul\u00e1ndola, y sus manos de anciana no pose\u00edan la fuerza suficiente para ello.<\/span><\/p>\n<p class=\"MsoNormal\" style=\"margin: 0cm 0cm 0pt; line-height: 200%; text-align: justify;\"><span style=\"font-size: 10pt; line-height: 200%; font-family: Verdana;\">\u00a0<\/span><\/p>\n<p class=\"MsoNormal\" style=\"margin: 0cm 0cm 0pt; line-height: 200%; text-align: justify;\"><span style=\"font-size: 10pt; line-height: 200%; font-family: Verdana;\">Mientras tanto, Ana qued\u00f3 en silencio. Tras verla salir Isabel de la habitaci\u00f3n, se asom\u00f3 a la ventana y la vio leyendo en uno de los bancos de hierro del jard\u00edn. Segura de su soledad se sent\u00f3 en la cama, abri\u00f3 el caj\u00f3n de la mesilla, cogi\u00f3 un espejito de bolso y, escondido debajo de las s\u00e1banas, estaba la barra de labios de Isabel. Se mir\u00f3 al espejo, se pint\u00f3 los labios, y en su rostro lleno de arrugas se dibuj\u00f3 una p\u00edcara sonrisa.<\/span><\/p>\n","protected":false},"excerpt":{"rendered":"<p>\u201cEn realidad no parece tan desagradable\u201d \u2013pens\u00f3 Isabel cuando lleg\u00f3 con la peque\u00f1a maleta, y el neceser en la mano.<\/p>\n<p> <a class=\"continue-reading-link\" href=\"https:\/\/www.canal-literatura.es\/6certamen\/?p=1055\"><span>Continuar leyendo<\/span><i class=\"crycon-right-dir\"><\/i><\/a> <\/p>\n","protected":false},"author":1,"featured_media":0,"comment_status":"open","ping_status":"open","sticky":false,"template":"","format":"standard","meta":[],"categories":[3],"tags":[],"amp_enabled":true,"_links":{"self":[{"href":"https:\/\/www.canal-literatura.es\/6certamen\/index.php?rest_route=\/wp\/v2\/posts\/1055"}],"collection":[{"href":"https:\/\/www.canal-literatura.es\/6certamen\/index.php?rest_route=\/wp\/v2\/posts"}],"about":[{"href":"https:\/\/www.canal-literatura.es\/6certamen\/index.php?rest_route=\/wp\/v2\/types\/post"}],"author":[{"embeddable":true,"href":"https:\/\/www.canal-literatura.es\/6certamen\/index.php?rest_route=\/wp\/v2\/users\/1"}],"replies":[{"embeddable":true,"href":"https:\/\/www.canal-literatura.es\/6certamen\/index.php?rest_route=%2Fwp%2Fv2%2Fcomments&post=1055"}],"version-history":[{"count":0,"href":"https:\/\/www.canal-literatura.es\/6certamen\/index.php?rest_route=\/wp\/v2\/posts\/1055\/revisions"}],"wp:attachment":[{"href":"https:\/\/www.canal-literatura.es\/6certamen\/index.php?rest_route=%2Fwp%2Fv2%2Fmedia&parent=1055"}],"wp:term":[{"taxonomy":"category","embeddable":true,"href":"https:\/\/www.canal-literatura.es\/6certamen\/index.php?rest_route=%2Fwp%2Fv2%2Fcategories&post=1055"},{"taxonomy":"post_tag","embeddable":true,"href":"https:\/\/www.canal-literatura.es\/6certamen\/index.php?rest_route=%2Fwp%2Fv2%2Ftags&post=1055"}],"curies":[{"name":"wp","href":"https:\/\/api.w.org\/{rel}","templated":true}]}}