{"id":1096,"date":"2009-04-23T00:53:12","date_gmt":"2009-04-22T22:53:12","guid":{"rendered":"http:\/\/www.canal-literatura.es\/6certamen\/?p=1096"},"modified":"2009-05-05T13:13:54","modified_gmt":"2009-05-05T11:13:54","slug":"nuestra-contribucion-al-dia-del-libro-2009","status":"publish","type":"post","link":"https:\/\/www.canal-literatura.es\/6certamen\/?p=1096","title":{"rendered":"Nuestra contribuci\u00f3n al D\u00eda del libro 2009"},"content":{"rendered":"<p style=\"text-align: center;\">\n<table border=\"0\" cellspacing=\"0\" cellpadding=\"0\" width=\"100%\">\n<tbody>\n<tr>\n<td width=\"100%\" bgcolor=\"#ffffff\">Con un gran esfuerzo, al fin este a\u00f1o tenemos en nuestras manos el libro<strong> \u00abRelat@s en el Canal IV\u00bb.<\/strong> La mayor\u00eda de vosotros ya conoc\u00e9is la historia y el porqu\u00e9 nos hemos retrasado tanto en su publicaci\u00f3n (primero la desaparici\u00f3n de Editorial Maghenta, despu\u00e9s el retraso del n\u00famero ISBN). Pero es, justo hoy, el d\u00eda del libro, cuando ha llegado impreso a nuestras manos.<br \/>\nEn los pr\u00f3ximos d\u00edas os iremos remitiendo los correos y los env\u00edos previstos.<br \/>\n<a href=\"http:\/\/www.canal-literatura.es\/Libros\/Relat@s_en_el_canal_IV_2008.html\" target=\"new\"><img decoding=\"async\" loading=\"lazy\" class=\"aligncenter\" src=\"http:\/\/www.canal-literatura.es\/Noticias\/RelatosEnelCanalIV-P.jpg\" border=\"0\" alt=\"\" width=\"348\" height=\"268\" \/><\/a><br \/>\nPincha en la imagen para m\u00e1s informaci\u00f3n sobre sobre este libroCon Pr\u00f3logo de <strong>Espido Freire \u00abDel silencio y el tiempo\u00bb<\/strong> y 17 autores, ganadores,finalistas\u00a0 y menci\u00f3n del V Certamen de Narrativa Breve y del Premio Especial Hispano-Alem\u00e1n 2008, este es el cuarto volumen de narrativa que publica la <strong>Asociaci\u00f3n Canal Literatura<\/strong> junto al libro <strong>Poemas sin Rostro 2005,2006,2007&#8243;<\/strong> publicado en diciembre del 2008 en colaboraci\u00f3n con <strong>Ediciones Tres Fronteras.<\/strong><br \/>\nEl primer volumen ya fue un sue\u00f1o hecho realidad en el 2005; no sabemos cuanto se alargar\u00e1 la colecci\u00f3n, pero lo que si sabemos, es que s\u00f3lo ser\u00e1n posibles con vuestra ayuda. Gracias por estar al otro lado de la pantalla.<\/td>\n<td background=\"themes\/3D-Fantasy\/images\/right2.gif\"><\/td>\n<\/tr>\n<tr>\n<td width=\"15\" height=\"15\"><\/td>\n<td height=\"15\" align=\"center\" background=\"themes\/3D-Fantasy\/images\/middle.gif\"><\/td>\n<\/tr>\n<\/tbody>\n<\/table>\n","protected":false},"excerpt":{"rendered":"<p>Con un gran esfuerzo, al fin este a\u00f1o tenemos en nuestras manos el libro \u00abRelat@s en el Canal IV\u00bb. La mayor\u00eda de vosotros ya conoc\u00e9is la historia y el porqu\u00e9 nos hemos retrasado tanto en su publicaci\u00f3n (primero la desaparici\u00f3n de Editorial Maghenta, despu\u00e9s el retraso del n\u00famero ISBN). Pero es, justo hoy, el d\u00eda del libro, cuando ha llegado impreso a nuestras manos. En los pr\u00f3ximos d\u00edas os iremos remitiendo los correos y los env\u00edos previstos. Pincha en la imagen para m\u00e1s informaci\u00f3n sobre sobre este libroCon Pr\u00f3logo de Espido Freire \u00abDel silencio y el tiempo\u00bb y 17 autores,\u2026<\/p>\n<p> <a class=\"continue-reading-link\" href=\"https:\/\/www.canal-literatura.es\/6certamen\/?p=1096\"><span>Continuar leyendo<\/span><i class=\"crycon-right-dir\"><\/i><\/a> <\/p>\n","protected":false},"author":1,"featured_media":0,"comment_status":"open","ping_status":"open","sticky":false,"template":"","format":"standard","meta":[],"categories":[1],"tags":[],"amp_enabled":true,"_links":{"self":[{"href":"https:\/\/www.canal-literatura.es\/6certamen\/index.php?rest_route=\/wp\/v2\/posts\/1096"}],"collection":[{"href":"https:\/\/www.canal-literatura.es\/6certamen\/index.php?rest_route=\/wp\/v2\/posts"}],"about":[{"href":"https:\/\/www.canal-literatura.es\/6certamen\/index.php?rest_route=\/wp\/v2\/types\/post"}],"author":[{"embeddable":true,"href":"https:\/\/www.canal-literatura.es\/6certamen\/index.php?rest_route=\/wp\/v2\/users\/1"}],"replies":[{"embeddable":true,"href":"https:\/\/www.canal-literatura.es\/6certamen\/index.php?rest_route=%2Fwp%2Fv2%2Fcomments&post=1096"}],"version-history":[{"count":0,"href":"https:\/\/www.canal-literatura.es\/6certamen\/index.php?rest_route=\/wp\/v2\/posts\/1096\/revisions"}],"wp:attachment":[{"href":"https:\/\/www.canal-literatura.es\/6certamen\/index.php?rest_route=%2Fwp%2Fv2%2Fmedia&parent=1096"}],"wp:term":[{"taxonomy":"category","embeddable":true,"href":"https:\/\/www.canal-literatura.es\/6certamen\/index.php?rest_route=%2Fwp%2Fv2%2Fcategories&post=1096"},{"taxonomy":"post_tag","embeddable":true,"href":"https:\/\/www.canal-literatura.es\/6certamen\/index.php?rest_route=%2Fwp%2Fv2%2Ftags&post=1096"}],"curies":[{"name":"wp","href":"https:\/\/api.w.org\/{rel}","templated":true}]}}