{"id":1145,"date":"2009-05-30T23:35:26","date_gmt":"2009-05-30T21:35:26","guid":{"rendered":"http:\/\/www.canal-literatura.es\/6certamen\/?p=1145"},"modified":"2009-05-30T23:38:14","modified_gmt":"2009-05-30T21:38:14","slug":"carmen-rieraproxima-entrevista-en-el-canal-literatura","status":"publish","type":"post","link":"https:\/\/www.canal-literatura.es\/6certamen\/?p=1145","title":{"rendered":"Carmen Riera.Pr\u00f3xima entrevista en el canal #literatura."},"content":{"rendered":"<p style=\"TEXT-ALIGN: center\">\u00a0<span style=\"font-weight: 700; font-family: Verdana,Arial,Helvetica,sans-serif;\">\u00abLlevamos unos 2000 a\u00f1os tratando de definir la\u00a0 literatura y no nos ponemos de acuerdo\u2026 para mi\u00a0 es creaci\u00f3n mediante la palabra.\u00bb<\/span><\/p>\n<p><a href=\"http:\/\/www.canal-literatura.es\/htmltonuke.php?filnavn=Entrevistas\/CarmenRiera.html\"><img decoding=\"async\" loading=\"lazy\" style=\"margin-left: 20px; margin-right: 20px; border: 0px;\" src=\"http:\/\/www.canal-literatura.es\/Entrevistas\/CarmenRiera2.jpg\" border=\"0\" alt=\"\" hspace=\"20\" width=\"178\" height=\"250\" align=\"right\" \/><\/a><\/p>\n<p style=\"margin-top: 0pt; margin-bottom: 0pt;\">\u00a0\u00a0\u00a0\u00a0\u00a0\u00a0<\/p>\n<p style=\"margin-top: 0pt; margin-bottom: 0pt; text-indent: 10px; line-height: 150%;\" align=\"left\"><span style=\"font-size: x-small; font-family: Verdana;\">Carmen Riera habla pausadamente pero con convicci\u00f3n, expone sus puntos de vista abierta al interlocutor y escucha.<\/span><\/p>\n<p style=\"margin-top: 0pt; margin-bottom: 0pt; text-indent: 10px; line-height: 150%;\" align=\"left\"><span style=\"font-size: x-small; font-family: Verdana;\">Es amable y directa;\u00a0 trasmite conocimiento y deja traslucir la pasi\u00f3n que siente por escribir y comunicar.<\/span><\/p>\n<p style=\"margin-top: 0pt; margin-bottom: 0pt; text-indent: 10px; line-height: 150%;\" align=\"left\"><span style=\"font-size: x-small; font-family: Verdana;\">Es catedr\u00e1tica de Literatura Espa\u00f1ola, pero a\u00fan sigue aprendiendo de sus alumnos y captura de su entorno cualquier momento sobre el que escribir y reflexionar aspirando a tocar el alma de quien la lee.<\/span><\/p>\n<p style=\"margin-top: 0pt; margin-bottom: 0pt; text-indent: 10px; line-height: 150%;\" align=\"left\">\u00a0<\/p>\n<p style=\"margin-top: 0pt; margin-bottom: 0pt; text-indent: 10px; line-height: 150%;\" align=\"left\"><span style=\"font-size: x-small; font-family: Verdana;\">La cita:<strong> 3 de junio a las 21:00 horas<\/strong><\/span><\/p>\n<p>\u00a0Pincha en la imagen para m\u00e1s informaci\u00f3n sobre Carmen Riera.<\/p>\n<p style=\"text-align: center;\">\u00a0********************<br \/>\nPr\u00f3xima entrevista: <strong><a href=\"http:\/\/www.andresneuman.com\/l\" target=\"new\">Andr\u00e9s Neuman<\/a><br \/>\n15 de junio, mi\u00e9rcoles a las 20:00 horas<\/strong><\/p>\n<p>Para asistir a las entrevistas, podr\u00e1s conectar con el espacio virtual desde el enlace del men\u00fa de la derecha:<br \/>\n<strong><a href=\"http:\/\/www.canal-literatura.es\/chat3.htm\" target=\"new\">\u201cChatear en el canal #Literatura del IRC-Hispano.Entrar\u201d<\/a><\/strong>.<\/p>\n<p>Informate primero de las normas de seguridad <strong><a href=\"http:\/\/www.canal-literatura.es\/como_protegerse_en_el_chat.html\" target=\"new\">\u201cProtegerse en el Chat\u201d<\/a><\/strong><br \/>\nPuedes mandar tus preguntas con antelaci\u00f3n por correo electr\u00f3nico a: <a href=\"mailto:admin@canal-literatura.com\">admin@canal-literatura.com<\/a><\/p>\n<p style=\"margin-top: 0pt; margin-bottom: 0pt; line-height: 150%; text-align: center;\">\u00a0<\/p>\n","protected":false},"excerpt":{"rendered":"<p>\u00a0\u00abLlevamos unos 2000 a\u00f1os tratando de definir la\u00a0 literatura y no nos ponemos de acuerdo\u2026 para mi\u00a0 es creaci\u00f3n mediante la palabra.\u00bb \u00a0\u00a0\u00a0\u00a0\u00a0\u00a0 Carmen Riera habla pausadamente pero con convicci\u00f3n, expone sus puntos de vista abierta al interlocutor y escucha. Es amable y directa;\u00a0 trasmite conocimiento y deja traslucir la pasi\u00f3n que siente por escribir y comunicar. Es catedr\u00e1tica de Literatura Espa\u00f1ola, pero a\u00fan sigue aprendiendo de sus alumnos y captura de su entorno cualquier momento sobre el que escribir y reflexionar aspirando a tocar el alma de quien la lee. \u00a0 La cita: 3 de junio a las 21:00\u2026<\/p>\n<p> <a class=\"continue-reading-link\" href=\"https:\/\/www.canal-literatura.es\/6certamen\/?p=1145\"><span>Continuar leyendo<\/span><i class=\"crycon-right-dir\"><\/i><\/a> <\/p>\n","protected":false},"author":1,"featured_media":0,"comment_status":"open","ping_status":"open","sticky":false,"template":"","format":"standard","meta":[],"categories":[1],"tags":[],"amp_enabled":true,"_links":{"self":[{"href":"https:\/\/www.canal-literatura.es\/6certamen\/index.php?rest_route=\/wp\/v2\/posts\/1145"}],"collection":[{"href":"https:\/\/www.canal-literatura.es\/6certamen\/index.php?rest_route=\/wp\/v2\/posts"}],"about":[{"href":"https:\/\/www.canal-literatura.es\/6certamen\/index.php?rest_route=\/wp\/v2\/types\/post"}],"author":[{"embeddable":true,"href":"https:\/\/www.canal-literatura.es\/6certamen\/index.php?rest_route=\/wp\/v2\/users\/1"}],"replies":[{"embeddable":true,"href":"https:\/\/www.canal-literatura.es\/6certamen\/index.php?rest_route=%2Fwp%2Fv2%2Fcomments&post=1145"}],"version-history":[{"count":0,"href":"https:\/\/www.canal-literatura.es\/6certamen\/index.php?rest_route=\/wp\/v2\/posts\/1145\/revisions"}],"wp:attachment":[{"href":"https:\/\/www.canal-literatura.es\/6certamen\/index.php?rest_route=%2Fwp%2Fv2%2Fmedia&parent=1145"}],"wp:term":[{"taxonomy":"category","embeddable":true,"href":"https:\/\/www.canal-literatura.es\/6certamen\/index.php?rest_route=%2Fwp%2Fv2%2Fcategories&post=1145"},{"taxonomy":"post_tag","embeddable":true,"href":"https:\/\/www.canal-literatura.es\/6certamen\/index.php?rest_route=%2Fwp%2Fv2%2Ftags&post=1145"}],"curies":[{"name":"wp","href":"https:\/\/api.w.org\/{rel}","templated":true}]}}