{"id":1152,"date":"2009-05-30T23:30:06","date_gmt":"2009-05-30T21:30:06","guid":{"rendered":"http:\/\/www.canal-literatura.es\/6certamen\/?p=1152"},"modified":"2009-05-31T00:01:13","modified_gmt":"2009-05-30T22:01:13","slug":"ya-esta-la-entrevista-a-luis-alberto-de-cuenca-en-la-web","status":"publish","type":"post","link":"https:\/\/www.canal-literatura.es\/6certamen\/?p=1152","title":{"rendered":"Ya est\u00e1 la entrevista a Luis Alberto de Cuenca en la web."},"content":{"rendered":"<p style=\"text-align: center;\"><strong>\u00abSin los lectores, el autor no existe.\u00bb<\/strong><\/p>\n<p>Con una media de 150 personas durante una hora y cuarto el escritor y poeta Luisa Alberto de Cuenca, presidente del VI Certamen de Narrativa Breve, contest\u00f3 muchas de las preguntas que le hicieron, en directo, los internautas. Tambi\u00e9n nos dejo unos versos a trav\u00e9s del ciberespacio.<\/p>\n<p style=\"text-align: center;\"><strong>\u00abSiempre he cre\u00eddo que poes\u00eda y m\u00fasica nacieron juntas, se separaron luego, pero conservan un gran recuerdo de la \u00e9poca en que iban de la mano.\u00bb<\/strong><\/p>\n<p style=\"text-align: center;\"><a href=\"http:\/\/www.canal-literatura.es\/htmltonuke.php?filnavn=Entrevistas\/Luis_Alberto_de_cuenca_canal.html\" target=\"new\"><img decoding=\"async\" class=\"aligncenter\" src=\"http:\/\/blog.irc-hispano.es\/wp-content\/uploads\/2009\/05\/lacentrevista1-300x225.jpg\" border=\"0\" alt=\"\" width=\"300\" \/><\/a><\/p>\n<p style=\"text-align: center;\">Pincha en la imagen para leer la entrevista completa<\/p>\n<p style=\"text-align: center;\"><a href=\"http:\/\/blog.irc-hispano.es\/entrevista-en-el-canal-literatura-al-escritor-luis-alberto-de-cuenca\/\" target=\"new\"><img decoding=\"async\" src=\"http:\/\/www.canal-literatura.es\/banner\/Hispano.jpg\" border=\"0\" alt=\"\" width=\"122\" \/><\/a><\/p>\n<p style=\"text-align: center;\">Tambi\u00e9n puedes leerla en el BLog de IRC-Hispano.<\/p>\n","protected":false},"excerpt":{"rendered":"<p>\u00abSin los lectores, el autor no existe.\u00bb Con una media de 150 personas durante una hora y cuarto el escritor y poeta Luisa Alberto de Cuenca, presidente del VI Certamen de Narrativa Breve, contest\u00f3 muchas de las preguntas que le hicieron, en directo, los internautas. Tambi\u00e9n nos dejo unos versos a trav\u00e9s del ciberespacio. \u00abSiempre he cre\u00eddo que poes\u00eda y m\u00fasica nacieron juntas, se separaron luego, pero conservan un gran recuerdo de la \u00e9poca en que iban de la mano.\u00bb Pincha en la imagen para leer la entrevista completa Tambi\u00e9n puedes leerla en el BLog de IRC-Hispano.<\/p>\n<p> <a class=\"continue-reading-link\" href=\"https:\/\/www.canal-literatura.es\/6certamen\/?p=1152\"><span>Continuar leyendo<\/span><i class=\"crycon-right-dir\"><\/i><\/a> <\/p>\n","protected":false},"author":1,"featured_media":0,"comment_status":"open","ping_status":"open","sticky":false,"template":"","format":"standard","meta":[],"categories":[1],"tags":[],"amp_enabled":true,"_links":{"self":[{"href":"https:\/\/www.canal-literatura.es\/6certamen\/index.php?rest_route=\/wp\/v2\/posts\/1152"}],"collection":[{"href":"https:\/\/www.canal-literatura.es\/6certamen\/index.php?rest_route=\/wp\/v2\/posts"}],"about":[{"href":"https:\/\/www.canal-literatura.es\/6certamen\/index.php?rest_route=\/wp\/v2\/types\/post"}],"author":[{"embeddable":true,"href":"https:\/\/www.canal-literatura.es\/6certamen\/index.php?rest_route=\/wp\/v2\/users\/1"}],"replies":[{"embeddable":true,"href":"https:\/\/www.canal-literatura.es\/6certamen\/index.php?rest_route=%2Fwp%2Fv2%2Fcomments&post=1152"}],"version-history":[{"count":0,"href":"https:\/\/www.canal-literatura.es\/6certamen\/index.php?rest_route=\/wp\/v2\/posts\/1152\/revisions"}],"wp:attachment":[{"href":"https:\/\/www.canal-literatura.es\/6certamen\/index.php?rest_route=%2Fwp%2Fv2%2Fmedia&parent=1152"}],"wp:term":[{"taxonomy":"category","embeddable":true,"href":"https:\/\/www.canal-literatura.es\/6certamen\/index.php?rest_route=%2Fwp%2Fv2%2Fcategories&post=1152"},{"taxonomy":"post_tag","embeddable":true,"href":"https:\/\/www.canal-literatura.es\/6certamen\/index.php?rest_route=%2Fwp%2Fv2%2Ftags&post=1152"}],"curies":[{"name":"wp","href":"https:\/\/api.w.org\/{rel}","templated":true}]}}