{"id":1156,"date":"2009-06-07T10:48:00","date_gmt":"2009-06-07T08:48:00","guid":{"rendered":"http:\/\/www.canal-literatura.es\/6certamen\/?p=1156"},"modified":"2009-06-07T20:21:44","modified_gmt":"2009-06-07T18:21:44","slug":"relatos-finalistas-del-vi-certamen-de-narrativa-breve-2009","status":"publish","type":"post","link":"https:\/\/www.canal-literatura.es\/6certamen\/?p=1156","title":{"rendered":"Relatos finalistas del VI Certamen de Narrativa Breve 2009"},"content":{"rendered":"<p class=\"MsoNormal\" style=\"margin: 0cm 0cm 0pt;\"><strong style=\"mso-bidi-font-weight: normal;\"><span style=\"color: maroon; font-family: Verdana;\"><span style=\"font-size: small;\">N\u00ba<span style=\"mso-spacerun: yes;\">\u00a0\u00a0\u00a0\u00a0 <\/span>Seud\u00f3nimo<span style=\"mso-spacerun: yes;\">\u00a0 <\/span><span style=\"mso-spacerun: yes;\">\u00a0\u00a0\u00a0\u00a0\u00a0\u00a0\u00a0\u00a0\u00a0<\/span>T\u00edtulo<\/span><\/span><\/strong><\/p>\n<p class=\"MsoNormal\" style=\"margin: 0cm 0cm 0pt;\"><strong><span style=\"color: black; font-family: Verdana; mso-bidi-font-family: Arial;\"><span style=\"font-size: small;\"><span style=\"mso-spacerun: yes;\">\u00a0<\/span><span style=\"mso-spacerun: yes;\">\u00a0<\/span><span style=\"mso-spacerun: yes;\">\u00a0<\/span>8-Artista de circo &#8211; A\u00f1o nuevo<\/span><\/span><\/strong><\/p>\n<p class=\"MsoNormal\" style=\"margin: 0cm 0cm 0pt;\"><strong><span style=\"color: black; font-family: Verdana; mso-bidi-font-family: Arial;\"><span style=\"font-size: small;\"><span style=\"mso-spacerun: yes;\">\u00a0<\/span><span style=\"mso-spacerun: yes;\">\u00a0<\/span>19- Bardoluci &#8211; Infarto<\/span><\/span><\/strong><\/p>\n<p class=\"MsoNormal\" style=\"margin: 0cm 0cm 0pt;\"><strong><span style=\"color: black; font-family: Verdana; mso-bidi-font-family: Arial;\"><span style=\"font-size: small;\"><span style=\"mso-spacerun: yes;\">\u00a0<\/span><span style=\"mso-spacerun: yes;\">\u00a0<\/span>25-Tom\u00e1s Garc\u00eda &#8211; Marcelina<\/span><\/span><\/strong><\/p>\n<p class=\"MsoNormal\" style=\"margin: 0cm 0cm 0pt;\"><strong><span style=\"color: black; font-family: Verdana; mso-bidi-font-family: Arial;\"><span style=\"font-size: small;\"><span style=\"mso-spacerun: yes;\">\u00a0 <\/span>95-Soledad &#8211; Sombras<\/span><\/span><\/strong><\/p>\n<p class=\"MsoNormal\" style=\"margin: 0cm 0cm 0pt;\"><strong><span style=\"color: black; font-family: Verdana; mso-bidi-font-family: Arial;\"><span style=\"font-size: small;\">106-Yosof &#8211; El desierto<\/span><\/span><\/strong><\/p>\n<p class=\"MsoNormal\" style=\"margin: 0cm 0cm 0pt;\"><strong><span style=\"color: black; font-family: Verdana; mso-bidi-font-family: Arial;\"><span style=\"font-size: small;\">109-Gatopardo &#8211; \u00bfD\u00f3nde estas, Irina?<\/span><\/span><\/strong><\/p>\n<p class=\"MsoNormal\" style=\"margin: 0cm 0cm 0pt;\"><strong><span style=\"color: black; font-family: Verdana; mso-bidi-font-family: Arial;\"><span style=\"font-size: small;\">129-Liuba &#8211; La luna emperlada<\/span><\/span><\/strong><\/p>\n<p class=\"MsoNormal\" style=\"margin: 0cm 0cm 0pt;\"><strong><span style=\"color: black; font-family: Verdana; mso-bidi-font-family: Arial;\"><span style=\"font-size: small;\">162-Jero &#8211; El abuelo<\/span><\/span><\/strong><\/p>\n<p class=\"MsoNormal\" style=\"margin: 0cm 0cm 0pt;\"><strong><span style=\"color: black; font-family: Verdana; mso-bidi-font-family: Arial;\"><span style=\"font-size: small;\">174-H\u00f3scar Wild &#8211; S\u00f3lo quer\u00eda Besarte<\/span><\/span><\/strong><\/p>\n<p class=\"MsoNormal\" style=\"margin: 0cm 0cm 0pt;\"><strong><span style=\"color: black; font-family: Verdana; mso-bidi-font-family: Arial;\"><span style=\"font-size: small;\">179-Satie &#8211; Un mejor cielo<\/span><\/span><\/strong><\/p>\n<p>\u00a0A todos ellos se les mandar\u00e1 un e-mail comunic\u00e1ndoles su selecci\u00f3n y los textos originales, escritos tal y como los mandaron sus autores, ser\u00e1n enviados al jurado que el d\u00eda\u00a04 de Julio elegir\u00e1 a los tres ganadores.\u00a0\u00a0<\/p>\n<p>Se cierra la votaci\u00f3n del p\u00fablico a partir de este momento. Una vez revisadas las votaciones se proclamar\u00e1 el ganador elegido por los lectores.<\/p>\n<p><strong>Enhorabuena a los 10 finalistas y agradecer a todos por participar, comentar y sugerir.<\/strong><strong>\u00a0Lo m\u00e1s importante: Gracias a todos los concursantes\u00a0por dejarnos leer vuestras historias.<\/strong><\/p>\n","protected":false},"excerpt":{"rendered":"<p>N\u00ba\u00a0\u00a0\u00a0\u00a0 Seud\u00f3nimo\u00a0 \u00a0\u00a0\u00a0\u00a0\u00a0\u00a0\u00a0\u00a0\u00a0T\u00edtulo \u00a0\u00a0\u00a08-Artista de circo &#8211; A\u00f1o nuevo \u00a0\u00a019- Bardoluci &#8211; Infarto \u00a0\u00a025-Tom\u00e1s Garc\u00eda &#8211; Marcelina \u00a0 95-Soledad &#8211; Sombras 106-Yosof &#8211; El desierto 109-Gatopardo &#8211; \u00bfD\u00f3nde estas, Irina? 129-Liuba &#8211; La luna emperlada 162-Jero &#8211; El abuelo 174-H\u00f3scar Wild &#8211; S\u00f3lo quer\u00eda Besarte 179-Satie &#8211; Un mejor cielo \u00a0A todos ellos se les mandar\u00e1 un e-mail comunic\u00e1ndoles su selecci\u00f3n y los textos originales, escritos tal y como los mandaron sus autores, ser\u00e1n enviados al jurado que el d\u00eda\u00a04 de Julio elegir\u00e1 a los tres ganadores.\u00a0\u00a0 Se cierra la votaci\u00f3n del p\u00fablico a partir de este momento. Una vez\u2026<\/p>\n<p> <a class=\"continue-reading-link\" href=\"https:\/\/www.canal-literatura.es\/6certamen\/?p=1156\"><span>Continuar leyendo<\/span><i class=\"crycon-right-dir\"><\/i><\/a> <\/p>\n","protected":false},"author":1,"featured_media":0,"comment_status":"open","ping_status":"open","sticky":false,"template":"","format":"standard","meta":[],"categories":[1],"tags":[],"amp_enabled":true,"_links":{"self":[{"href":"https:\/\/www.canal-literatura.es\/6certamen\/index.php?rest_route=\/wp\/v2\/posts\/1156"}],"collection":[{"href":"https:\/\/www.canal-literatura.es\/6certamen\/index.php?rest_route=\/wp\/v2\/posts"}],"about":[{"href":"https:\/\/www.canal-literatura.es\/6certamen\/index.php?rest_route=\/wp\/v2\/types\/post"}],"author":[{"embeddable":true,"href":"https:\/\/www.canal-literatura.es\/6certamen\/index.php?rest_route=\/wp\/v2\/users\/1"}],"replies":[{"embeddable":true,"href":"https:\/\/www.canal-literatura.es\/6certamen\/index.php?rest_route=%2Fwp%2Fv2%2Fcomments&post=1156"}],"version-history":[{"count":0,"href":"https:\/\/www.canal-literatura.es\/6certamen\/index.php?rest_route=\/wp\/v2\/posts\/1156\/revisions"}],"wp:attachment":[{"href":"https:\/\/www.canal-literatura.es\/6certamen\/index.php?rest_route=%2Fwp%2Fv2%2Fmedia&parent=1156"}],"wp:term":[{"taxonomy":"category","embeddable":true,"href":"https:\/\/www.canal-literatura.es\/6certamen\/index.php?rest_route=%2Fwp%2Fv2%2Fcategories&post=1156"},{"taxonomy":"post_tag","embeddable":true,"href":"https:\/\/www.canal-literatura.es\/6certamen\/index.php?rest_route=%2Fwp%2Fv2%2Ftags&post=1156"}],"curies":[{"name":"wp","href":"https:\/\/api.w.org\/{rel}","templated":true}]}}