{"id":1179,"date":"2009-06-08T19:54:02","date_gmt":"2009-06-08T17:54:02","guid":{"rendered":"http:\/\/www.canal-literatura.es\/6certamen\/?p=1179"},"modified":"2016-08-15T08:56:03","modified_gmt":"2016-08-15T07:56:03","slug":"todos-los-datos-de-la-entrega-de-premios-2009","status":"publish","type":"post","link":"https:\/\/www.canal-literatura.es\/6certamen\/?p=1179","title":{"rendered":"Todos los datos de la Entrega de premios 2009"},"content":{"rendered":"<p style=\"text-align: center;\"><strong>Una noche para conocer a los diversos jurados y compartir experiencias con otros concursantes. \u00a1Est\u00e1is todos invitados a participar!<\/strong><\/p>\n<p style=\"text-align: justify;\">El pr\u00f3ximo 4 de julio, en Murcia, se celebrar\u00e1 la entrega de premios del IV Certamen \u00abPoemas sin Rostro\u00bb del VI Certamen de Narrativa Breve y del Premio Especial \u00abAmor en el Tiempo\u00bb con la presencia de los distintos jurados :<strong>Emilio Hidalgo Serna, Elosy S\u00e1nchez Rosillo, Luis Alberto de Cuenca, Ana M\u00aa Tom\u00e1s, Pau P\u00e9rez, Jos\u00e9 Belmonte, Carmen Posadas y Carlos Marzal.<\/strong><\/p>\n<p><a href=\"http:\/\/www.canal-literatura.es\/kddpeque2009.html\" target=\"_blank\"><img decoding=\"async\" loading=\"lazy\" class=\"aligncenter\" src=\"https:\/\/www.canal-literatura.es\/6certamen\/banner\/cartelKDD09.jpg\" width=\"300\" height=\"321\" border=\"0\" \/><\/a><\/p>\n<p style=\"text-align: center;\">Pincha en la imagen para m\u00e1s informaci\u00f3n.<\/p>\n<p style=\"text-align: justify;\">Como cada a\u00f1o, preparamos este encuentro para hacer una fiesta en la que celebrar el trabajo de todo un a\u00f1o, en un ambiente distendido, d\u00f3nde poder conocer personalmente a los competidores (sean finalistas o no) y los jurados, brindar por todos los escritores y lectores que creen, como nosotros, que aquel que tiene una historia que contar, puede compartirla y comentarla, aprender y compartir.<\/p>\n<p style=\"text-align: center;\"><strong>\u00a1Nos vemos en Murcia!<\/strong><\/p>\n","protected":false},"excerpt":{"rendered":"<p>Una noche para conocer a los diversos jurados y compartir experiencias con otros concursantes. \u00a1Est\u00e1is todos invitados a participar! El pr\u00f3ximo 4 de julio, en Murcia, se celebrar\u00e1 la entrega de premios del IV Certamen \u00abPoemas sin Rostro\u00bb del VI Certamen de Narrativa Breve y del Premio Especial \u00abAmor en el Tiempo\u00bb con la presencia de los distintos jurados :Emilio Hidalgo Serna, Elosy S\u00e1nchez Rosillo, Luis Alberto de Cuenca, Ana M\u00aa Tom\u00e1s, Pau P\u00e9rez, Jos\u00e9 Belmonte, Carmen Posadas y Carlos Marzal. Pincha en la imagen para m\u00e1s informaci\u00f3n. Como cada a\u00f1o, preparamos este encuentro para hacer una fiesta en la\u2026<\/p>\n<p> <a class=\"continue-reading-link\" href=\"https:\/\/www.canal-literatura.es\/6certamen\/?p=1179\"><span>Continuar leyendo<\/span><i class=\"crycon-right-dir\"><\/i><\/a> <\/p>\n","protected":false},"author":1,"featured_media":0,"comment_status":"open","ping_status":"open","sticky":false,"template":"","format":"standard","meta":[],"categories":[1],"tags":[],"amp_enabled":true,"_links":{"self":[{"href":"https:\/\/www.canal-literatura.es\/6certamen\/index.php?rest_route=\/wp\/v2\/posts\/1179"}],"collection":[{"href":"https:\/\/www.canal-literatura.es\/6certamen\/index.php?rest_route=\/wp\/v2\/posts"}],"about":[{"href":"https:\/\/www.canal-literatura.es\/6certamen\/index.php?rest_route=\/wp\/v2\/types\/post"}],"author":[{"embeddable":true,"href":"https:\/\/www.canal-literatura.es\/6certamen\/index.php?rest_route=\/wp\/v2\/users\/1"}],"replies":[{"embeddable":true,"href":"https:\/\/www.canal-literatura.es\/6certamen\/index.php?rest_route=%2Fwp%2Fv2%2Fcomments&post=1179"}],"version-history":[{"count":0,"href":"https:\/\/www.canal-literatura.es\/6certamen\/index.php?rest_route=\/wp\/v2\/posts\/1179\/revisions"}],"wp:attachment":[{"href":"https:\/\/www.canal-literatura.es\/6certamen\/index.php?rest_route=%2Fwp%2Fv2%2Fmedia&parent=1179"}],"wp:term":[{"taxonomy":"category","embeddable":true,"href":"https:\/\/www.canal-literatura.es\/6certamen\/index.php?rest_route=%2Fwp%2Fv2%2Fcategories&post=1179"},{"taxonomy":"post_tag","embeddable":true,"href":"https:\/\/www.canal-literatura.es\/6certamen\/index.php?rest_route=%2Fwp%2Fv2%2Ftags&post=1179"}],"curies":[{"name":"wp","href":"https:\/\/api.w.org\/{rel}","templated":true}]}}