{"id":1206,"date":"2009-06-15T18:40:46","date_gmt":"2009-06-15T16:40:46","guid":{"rendered":"http:\/\/www.canal-literatura.es\/6certamen\/?p=1206"},"modified":"2016-08-15T08:50:22","modified_gmt":"2016-08-15T07:50:22","slug":"maria-jose-gancedo-baranda-ganadora-del-premio-del-publico-2009","status":"publish","type":"post","link":"https:\/\/www.canal-literatura.es\/6certamen\/?p=1206","title":{"rendered":"Maria Jos\u00e9 Gancedo Baranda, Ganadora del Premio del P\u00fablico 2009"},"content":{"rendered":"<p>&nbsp;<\/p>\n<p style=\"text-align: justify;\">\u00a0 Ya conocemos a la flamante ganadora del Premio Especial del p\u00fablico <strong>Mar\u00eda Jos\u00e9 Gancedo Baranda<\/strong> que concura con el relato 129-Liuba &#8211; La luna emperlada y que adem\u00e1s ha quedado tambi\u00e9n entre los diez finalistas para el premio del jurado.<br \/>\nEsto es lo que ha querido contarnos.<\/p>\n<p>&nbsp;<\/p>\n<div style=\"width: 210px\" class=\"wp-caption aligncenter\"><a href=\"https:\/\/www.canal-literatura.es\/6certamen\/?p=721\"><img decoding=\"async\" loading=\"lazy\" title=\"Maria Jos\u00e9 Gancedo Baranda\" src=\"https:\/\/www.canal-literatura.es\/6certamen\/Finalistas\/MJoseGancedoBaranda2.jpg\" alt=\"Maria Jos\u00e9 Gancedo Baranda\" width=\"200\" height=\"339\" \/><\/a><p class=\"wp-caption-text\">Maria Jos\u00e9 Gancedo Baranda<\/p><\/div>\n<p style=\"text-align: center;\">Pincha en la imagen para leer este relato.<\/p>\n<p style=\"text-align: left;\"><strong>SABOR, HONOR, GRACIAS<\/strong><\/p>\n<p style=\"text-align: justify;\">La primera palabra que acude es \u201csabor\u201d; sensaciones nuevas y desconocidas ante la respuesta del p\u00fablico. Me visita otra palabra, es \u201chonor\u201d ante la generosidad de que haya sido \u201cLa Luna Emperlada\u201d el elegido por los lectores de Canal Literatura. He hecho uso de un bien p\u00fablico como es la luna, he jugado a disfrazarla con mis instintos m\u00e1s sutiles y femeninos y, una vez transmutada en frases, permitir que el milagro de la creatividad se vuelque sobre quienes leen mi relato. Decir que la \u00faltima palabra es \u201cgracias\u201d ser\u00eda cerrar algo que no tiene ni principio ni fin, ya que es infinito. Por ello, me atrevo a agradecer desde lo m\u00e1s sagrado, desde la plenitud de mi coraz\u00f3n.<\/p>\n<p style=\"text-align: justify;\">\n<strong>Mar\u00eda Jos\u00e9 Gancedo<\/strong><\/p>\n<p>&nbsp;<\/p>\n","protected":false},"excerpt":{"rendered":"<p>&nbsp; \u00a0 Ya conocemos a la flamante ganadora del Premio Especial del p\u00fablico Mar\u00eda Jos\u00e9 Gancedo Baranda que concura con el relato 129-Liuba &#8211; La luna emperlada y que adem\u00e1s ha quedado tambi\u00e9n entre los diez finalistas para el premio del jurado. Esto es lo que ha querido contarnos. &nbsp; Pincha en la imagen para leer este relato. SABOR, HONOR, GRACIAS La primera palabra que acude es \u201csabor\u201d; sensaciones nuevas y desconocidas ante la respuesta del p\u00fablico. Me visita otra palabra, es \u201chonor\u201d ante la generosidad de que haya sido \u201cLa Luna Emperlada\u201d el elegido por los lectores de Canal\u2026<\/p>\n<p> <a class=\"continue-reading-link\" href=\"https:\/\/www.canal-literatura.es\/6certamen\/?p=1206\"><span>Continuar leyendo<\/span><i class=\"crycon-right-dir\"><\/i><\/a> <\/p>\n","protected":false},"author":1,"featured_media":0,"comment_status":"open","ping_status":"open","sticky":false,"template":"","format":"standard","meta":[],"categories":[1],"tags":[13],"amp_enabled":true,"_links":{"self":[{"href":"https:\/\/www.canal-literatura.es\/6certamen\/index.php?rest_route=\/wp\/v2\/posts\/1206"}],"collection":[{"href":"https:\/\/www.canal-literatura.es\/6certamen\/index.php?rest_route=\/wp\/v2\/posts"}],"about":[{"href":"https:\/\/www.canal-literatura.es\/6certamen\/index.php?rest_route=\/wp\/v2\/types\/post"}],"author":[{"embeddable":true,"href":"https:\/\/www.canal-literatura.es\/6certamen\/index.php?rest_route=\/wp\/v2\/users\/1"}],"replies":[{"embeddable":true,"href":"https:\/\/www.canal-literatura.es\/6certamen\/index.php?rest_route=%2Fwp%2Fv2%2Fcomments&post=1206"}],"version-history":[{"count":0,"href":"https:\/\/www.canal-literatura.es\/6certamen\/index.php?rest_route=\/wp\/v2\/posts\/1206\/revisions"}],"wp:attachment":[{"href":"https:\/\/www.canal-literatura.es\/6certamen\/index.php?rest_route=%2Fwp%2Fv2%2Fmedia&parent=1206"}],"wp:term":[{"taxonomy":"category","embeddable":true,"href":"https:\/\/www.canal-literatura.es\/6certamen\/index.php?rest_route=%2Fwp%2Fv2%2Fcategories&post=1206"},{"taxonomy":"post_tag","embeddable":true,"href":"https:\/\/www.canal-literatura.es\/6certamen\/index.php?rest_route=%2Fwp%2Fv2%2Ftags&post=1206"}],"curies":[{"name":"wp","href":"https:\/\/api.w.org\/{rel}","templated":true}]}}