{"id":1217,"date":"2009-06-18T13:50:55","date_gmt":"2009-06-18T11:50:55","guid":{"rendered":"http:\/\/www.canal-literatura.es\/6certamen\/?p=1217"},"modified":"2009-08-06T10:10:32","modified_gmt":"2009-08-06T08:10:32","slug":"finalistas-del-premio-especial-amor-en-el-tiempo-2009","status":"publish","type":"post","link":"https:\/\/www.canal-literatura.es\/6certamen\/?p=1217","title":{"rendered":"Finalistas del Premio Especial \u00bbAmor en el Tiempo\u00bb 2009"},"content":{"rendered":"<p style=\"text-align: center;\"><a href=\"https:\/\/www.canal-literatura.es\/6certamen\/PremioEspecial\/\" target=\"new\"><img decoding=\"async\" class=\"aligncenter\" src=\"http:\/\/canal-literatura.com\/6certamen\/PremioEspecial\/banner-premioespecial6.gif\" border=\"0\" alt=\"\" width=\"468\" \/><\/a><\/p>\n<p style=\"text-align: left;\">Como todos los a\u00f1os en paralelo al certamen de narrativa breve se convoca un premio especial sobre un tema concreto y la propuesta de este a\u00f1o era un tema dif\u00edcil y por otro lado entra\u00f1able: La relaci\u00f3n amor-tiempo. El jurado compuesto por <strong>Carmen Posadas y Carlos Marzal <\/strong>daran a conocer el \u00fanico ganador de este premio, que consiste en un Biscuit franc\u00e9s del siglo XIX titulado \u00abFamilia\u00bb, en la entrega de premios el 4 de julio del 2009 en Murcia.<\/p>\n<p><strong>Los microtextos finalistas son:<\/strong>Enhorabuena a todos ellos que recibir\u00e1n un mail comunicandoles su selecci\u00f3n para este premio.<\/p>\n<p>N\u00ba&#8212;&#8212; T\u00edtulo &#8212;&#8212;- Seud\u00f3nimo<\/p>\n<p>N\u00ba 2- \u00bfRECUERDAS?&#8212;- Ariadna<br \/>\nN\u00ba 3- Y T\u00da TE IR\u00c1S &#8212;- Y tu te ir\u00e1s<br \/>\nN\u00ba12- Molinos de viento&#8212;- lib\u00e9lula<br \/>\nN\u00ba18- El espejo del tiempo&#8212;- Bogart-Bacall<br \/>\nN\u00ba19- A tu lado, siempre&#8212;- Isabel Bennet<br \/>\nN\u00ba23- Historia de amor &#8212;- Nadia-K<br \/>\nN\u00ba25- Toda una vida &#8212;- Loalilolo<br \/>\nN\u00ba34- Un Martini Blanco &#8212;- Febrero<br \/>\nN\u00ba39- Aurora &#8212;- Aurora<br \/>\nN\u00ba42- Un aire familiar &#8212;- Lis<\/p>\n","protected":false},"excerpt":{"rendered":"<p>Como todos los a\u00f1os en paralelo al certamen de narrativa breve se convoca un premio especial sobre un tema concreto y la propuesta de este a\u00f1o era un tema dif\u00edcil y por otro lado entra\u00f1able: La relaci\u00f3n amor-tiempo. El jurado compuesto por Carmen Posadas y Carlos Marzal daran a conocer el \u00fanico ganador de este premio, que consiste en un Biscuit franc\u00e9s del siglo XIX titulado \u00abFamilia\u00bb, en la entrega de premios el 4 de julio del 2009 en Murcia. Los microtextos finalistas son:Enhorabuena a todos ellos que recibir\u00e1n un mail comunicandoles su selecci\u00f3n para este premio. N\u00ba&#8212;&#8212; T\u00edtulo &#8212;&#8212;-\u2026<\/p>\n<p> <a class=\"continue-reading-link\" href=\"https:\/\/www.canal-literatura.es\/6certamen\/?p=1217\"><span>Continuar leyendo<\/span><i class=\"crycon-right-dir\"><\/i><\/a> <\/p>\n","protected":false},"author":1,"featured_media":0,"comment_status":"open","ping_status":"open","sticky":false,"template":"","format":"standard","meta":[],"categories":[1],"tags":[],"amp_enabled":true,"_links":{"self":[{"href":"https:\/\/www.canal-literatura.es\/6certamen\/index.php?rest_route=\/wp\/v2\/posts\/1217"}],"collection":[{"href":"https:\/\/www.canal-literatura.es\/6certamen\/index.php?rest_route=\/wp\/v2\/posts"}],"about":[{"href":"https:\/\/www.canal-literatura.es\/6certamen\/index.php?rest_route=\/wp\/v2\/types\/post"}],"author":[{"embeddable":true,"href":"https:\/\/www.canal-literatura.es\/6certamen\/index.php?rest_route=\/wp\/v2\/users\/1"}],"replies":[{"embeddable":true,"href":"https:\/\/www.canal-literatura.es\/6certamen\/index.php?rest_route=%2Fwp%2Fv2%2Fcomments&post=1217"}],"version-history":[{"count":0,"href":"https:\/\/www.canal-literatura.es\/6certamen\/index.php?rest_route=\/wp\/v2\/posts\/1217\/revisions"}],"wp:attachment":[{"href":"https:\/\/www.canal-literatura.es\/6certamen\/index.php?rest_route=%2Fwp%2Fv2%2Fmedia&parent=1217"}],"wp:term":[{"taxonomy":"category","embeddable":true,"href":"https:\/\/www.canal-literatura.es\/6certamen\/index.php?rest_route=%2Fwp%2Fv2%2Fcategories&post=1217"},{"taxonomy":"post_tag","embeddable":true,"href":"https:\/\/www.canal-literatura.es\/6certamen\/index.php?rest_route=%2Fwp%2Fv2%2Ftags&post=1217"}],"curies":[{"name":"wp","href":"https:\/\/api.w.org\/{rel}","templated":true}]}}