{"id":1225,"date":"2009-06-21T13:00:32","date_gmt":"2009-06-21T11:00:32","guid":{"rendered":"http:\/\/www.canal-literatura.es\/6certamen\/?p=1225"},"modified":"2016-08-15T08:43:48","modified_gmt":"2016-08-15T07:43:48","slug":"encadenados-compariendo-suenos-desde-mexico","status":"publish","type":"post","link":"https:\/\/www.canal-literatura.es\/6certamen\/?p=1225","title":{"rendered":"Encadenados: Compartiendo sue\u00f1os desde M\u00e9xico."},"content":{"rendered":"<p><strong>Jorge Trejo Ray\u00f3n o \u00abEncadenados\u00bb <\/strong>como todos le hemos conocido, ha sido un personaje muy presente en este VI Certamen, no s\u00f3lo ha comentado todos los relatos con un tono sincero y cordial, nos ha hecho tambi\u00e9n participes de la situaci\u00f3n de M\u00e9xico, de sus vivencias e impresiones.<br \/>\nAhora sabemos m\u00e1s, nos dice que no hay edad para perseguir los sue\u00f1os, para estudiar o para imaginarse el mundo cada d\u00eda.<\/p>\n<p>&nbsp;<\/p>\n<div style=\"width: 310px\" class=\"wp-caption aligncenter\"><a href=\"http:\/\/www.canal-literatura.es\/Cosas_nuestras\/Compartiendodesdemexico.html\"><img decoding=\"async\" loading=\"lazy\" title=\"Jorge Trejo Ray\u00f3n \" src=\"http:\/\/www.canal-literatura.es\/Cosas_nuestras\/Jorjrtrejo009.jpg\" alt=\"Jorge Trejo Ray\u00f3n \" width=\"300\" height=\"225\" \/><\/a><p class=\"wp-caption-text\">Jorge Trejo Ray\u00f3n<\/p><\/div><\/dt>\n<dd class=\"wp-caption-dd\">Jorge Trejo Ray\u00f3n<\/dd>\n<\/dl>\n<p>Pincha en la imagen para leer la entrevista.<br \/>\nY nosotros hemos querido dejaros en \u00abCosas Nuestras\u00bb lo que ha querido contarnos y le mandamos nuestro agradecimiento con todo afecto desde Espa\u00f1a, a trav\u00e9s de la red, para \u00e9l y su hermoso pa\u00eds.<\/p>\n","protected":false},"excerpt":{"rendered":"<p>Jorge Trejo Ray\u00f3n o \u00abEncadenados\u00bb como todos le hemos conocido, ha sido un personaje muy presente en este VI Certamen, no s\u00f3lo ha comentado todos los relatos con un tono sincero y cordial, nos ha hecho tambi\u00e9n participes de la situaci\u00f3n de M\u00e9xico, de sus vivencias e impresiones. Ahora sabemos m\u00e1s, nos dice que no hay edad para perseguir los sue\u00f1os, para estudiar o para imaginarse el mundo cada d\u00eda. &nbsp; Jorge Trejo Ray\u00f3n Pincha en la imagen para leer la entrevista. Y nosotros hemos querido dejaros en \u00abCosas Nuestras\u00bb lo que ha querido contarnos y le mandamos nuestro agradecimiento\u2026<\/p>\n<p> <a class=\"continue-reading-link\" href=\"https:\/\/www.canal-literatura.es\/6certamen\/?p=1225\"><span>Continuar leyendo<\/span><i class=\"crycon-right-dir\"><\/i><\/a> <\/p>\n","protected":false},"author":1,"featured_media":0,"comment_status":"open","ping_status":"open","sticky":false,"template":"","format":"standard","meta":[],"categories":[1],"tags":[],"amp_enabled":true,"_links":{"self":[{"href":"https:\/\/www.canal-literatura.es\/6certamen\/index.php?rest_route=\/wp\/v2\/posts\/1225"}],"collection":[{"href":"https:\/\/www.canal-literatura.es\/6certamen\/index.php?rest_route=\/wp\/v2\/posts"}],"about":[{"href":"https:\/\/www.canal-literatura.es\/6certamen\/index.php?rest_route=\/wp\/v2\/types\/post"}],"author":[{"embeddable":true,"href":"https:\/\/www.canal-literatura.es\/6certamen\/index.php?rest_route=\/wp\/v2\/users\/1"}],"replies":[{"embeddable":true,"href":"https:\/\/www.canal-literatura.es\/6certamen\/index.php?rest_route=%2Fwp%2Fv2%2Fcomments&post=1225"}],"version-history":[{"count":0,"href":"https:\/\/www.canal-literatura.es\/6certamen\/index.php?rest_route=\/wp\/v2\/posts\/1225\/revisions"}],"wp:attachment":[{"href":"https:\/\/www.canal-literatura.es\/6certamen\/index.php?rest_route=%2Fwp%2Fv2%2Fmedia&parent=1225"}],"wp:term":[{"taxonomy":"category","embeddable":true,"href":"https:\/\/www.canal-literatura.es\/6certamen\/index.php?rest_route=%2Fwp%2Fv2%2Fcategories&post=1225"},{"taxonomy":"post_tag","embeddable":true,"href":"https:\/\/www.canal-literatura.es\/6certamen\/index.php?rest_route=%2Fwp%2Fv2%2Ftags&post=1225"}],"curies":[{"name":"wp","href":"https:\/\/api.w.org\/{rel}","templated":true}]}}