{"id":1233,"date":"2009-06-22T09:45:45","date_gmt":"2009-06-22T07:45:45","guid":{"rendered":"http:\/\/www.canal-literatura.es\/6certamen\/?p=1233"},"modified":"2016-08-15T08:17:28","modified_gmt":"2016-08-15T07:17:28","slug":"ya-esta-en-la-web-la-entrevista-a-andres-neuman","status":"publish","type":"post","link":"https:\/\/www.canal-literatura.es\/6certamen\/?p=1233","title":{"rendered":"Ya esta en la web la entrevista a Andr\u00e9s Neuman"},"content":{"rendered":"<p style=\"text-align: justify;\"><strong>\u00abNunca he cre\u00eddo que los cr\u00edticos sepan necesariamente m\u00e1s de literatura que un lector inteligente.\u00bb<\/strong><\/p>\n<p style=\"text-align: justify;\">El joven escritor <strong>Andr\u00e9s Neuman<\/strong>, premio Alfaguara de Novela 2009, encandilo a las 150 internautas que siguieron la entrevista en directo en el canal #literatura de IRC-Hispano (la mayor red de conversaci\u00f3n en tiempo real en espa\u00f1ol). Tal y comentaron algunos de los presentes, la impresi\u00f3n que caus\u00f3 es que <strong>\u00abNo escribe con la pluma sino con el alma\u00bb.<\/strong><\/p>\n<p>&nbsp;<\/p>\n<div style=\"width: 310px\" class=\"wp-caption aligncenter\"><a href=\"http:\/\/canal-literatura.com\/Entrevistas\/Andres_Neuman_canal.html\" target=\"_blank\"><img decoding=\"async\" loading=\"lazy\" title=\"Andr\u00e9s Neuman\" src=\"http:\/\/www.canal-literatura.es\/Entrevistas\/Gante-ordenataP.jpg\" alt=\"Andr\u00e9s Neuman\" width=\"300\" height=\"219\" \/><\/a><p class=\"wp-caption-text\">Andr\u00e9s Neuman<\/p><\/div>\n<p style=\"text-align: justify;\">Pincha en la imagen para leer la entrevista.<br \/>\nNeuman expres\u00f3 claramente sus opiniones respecto a todo lo que se le pregunt\u00f3 de forma tranquila, cort\u00e9s y valiente en un ambiente amigable.<br \/>\n<strong>\u00abCreo que la vulgaridad es tan grave como el exceso de correcci\u00f3n pol\u00edtica.\u00bb<\/strong><\/p>\n<p style=\"text-align: justify;\">Ante la pregunta de si presidir\u00eda un certamen de este canal dej\u00f3 la respuesta en el aire aunque dijo bromeando que no le importaria presidir un club de fans del Canal Literatura.<br \/>\nEsperamos tenerlo de nuevo entre nosotros.<\/p>\n","protected":false},"excerpt":{"rendered":"<p>\u00abNunca he cre\u00eddo que los cr\u00edticos sepan necesariamente m\u00e1s de literatura que un lector inteligente.\u00bb El joven escritor Andr\u00e9s Neuman, premio Alfaguara de Novela 2009, encandilo a las 150 internautas que siguieron la entrevista en directo en el canal #literatura de IRC-Hispano (la mayor red de conversaci\u00f3n en tiempo real en espa\u00f1ol). Tal y comentaron algunos de los presentes, la impresi\u00f3n que caus\u00f3 es que \u00abNo escribe con la pluma sino con el alma\u00bb. &nbsp; Pincha en la imagen para leer la entrevista. Neuman expres\u00f3 claramente sus opiniones respecto a todo lo que se le pregunt\u00f3 de forma tranquila, cort\u00e9s\u2026<\/p>\n<p> <a class=\"continue-reading-link\" href=\"https:\/\/www.canal-literatura.es\/6certamen\/?p=1233\"><span>Continuar leyendo<\/span><i class=\"crycon-right-dir\"><\/i><\/a> <\/p>\n","protected":false},"author":1,"featured_media":0,"comment_status":"open","ping_status":"open","sticky":false,"template":"","format":"standard","meta":[],"categories":[1],"tags":[],"amp_enabled":true,"_links":{"self":[{"href":"https:\/\/www.canal-literatura.es\/6certamen\/index.php?rest_route=\/wp\/v2\/posts\/1233"}],"collection":[{"href":"https:\/\/www.canal-literatura.es\/6certamen\/index.php?rest_route=\/wp\/v2\/posts"}],"about":[{"href":"https:\/\/www.canal-literatura.es\/6certamen\/index.php?rest_route=\/wp\/v2\/types\/post"}],"author":[{"embeddable":true,"href":"https:\/\/www.canal-literatura.es\/6certamen\/index.php?rest_route=\/wp\/v2\/users\/1"}],"replies":[{"embeddable":true,"href":"https:\/\/www.canal-literatura.es\/6certamen\/index.php?rest_route=%2Fwp%2Fv2%2Fcomments&post=1233"}],"version-history":[{"count":0,"href":"https:\/\/www.canal-literatura.es\/6certamen\/index.php?rest_route=\/wp\/v2\/posts\/1233\/revisions"}],"wp:attachment":[{"href":"https:\/\/www.canal-literatura.es\/6certamen\/index.php?rest_route=%2Fwp%2Fv2%2Fmedia&parent=1233"}],"wp:term":[{"taxonomy":"category","embeddable":true,"href":"https:\/\/www.canal-literatura.es\/6certamen\/index.php?rest_route=%2Fwp%2Fv2%2Fcategories&post=1233"},{"taxonomy":"post_tag","embeddable":true,"href":"https:\/\/www.canal-literatura.es\/6certamen\/index.php?rest_route=%2Fwp%2Fv2%2Ftags&post=1233"}],"curies":[{"name":"wp","href":"https:\/\/api.w.org\/{rel}","templated":true}]}}