{"id":1242,"date":"2009-07-07T21:27:47","date_gmt":"2009-07-07T19:27:47","guid":{"rendered":"http:\/\/www.canal-literatura.es\/6certamen\/?p=1242"},"modified":"2009-08-06T10:09:52","modified_gmt":"2009-08-06T08:09:52","slug":"ganadores-del-vi-certamen-de-narrativa-breve-2009","status":"publish","type":"post","link":"https:\/\/www.canal-literatura.es\/6certamen\/?p=1242","title":{"rendered":"Ganadores del VI Certamen de Narrativa Breve 2009"},"content":{"rendered":"<p>En la noche de ayer, d\u00eda 4 de julio, se celebr\u00f3 la entrega de premios de los diversos cert\u00e1menes que organiza La Asociaci\u00f3n Canal Literatura con la presencia de unas 90 personas llegadas de todas las partes de Espa\u00f1a, de Alemania, Suiza e Italia y en un ambiente emotivo y festivo que hizo que la velada fuera m\u00e1gica, entra\u00f1able e inolvidable.<\/p>\n<div style=\"width: 238px\" class=\"wp-caption aligncenter\"><img decoding=\"async\" loading=\"lazy\" title=\"Jos\u00e9 Luis Enciso Mart\u00ednez\" src=\"https:\/\/www.canal-literatura.es\/6certamen\/Finalistas\/JoseLEnciso.jpg\" alt=\"Jos\u00e9 Luis Enciso Mart\u00ednez\" width=\"228\" height=\"249\" \/><p class=\"wp-caption-text\">Jos\u00e9 Luis Enciso Mart\u00ednez<\/p><\/div>\n<p style=\"text-align: center;\">Primer Premio<\/p>\n<div id=\"attachment_1243\" style=\"width: 310px\" class=\"wp-caption aligncenter\"><img aria-describedby=\"caption-attachment-1243\" decoding=\"async\" loading=\"lazy\" class=\"size-full wp-image-1243\" title=\"ganadoresdenarrativa09\" src=\"https:\/\/www.canal-literatura.es\/6certamen\/wp-content\/uploads\/2009\/07\/ganadoresdenarrativa09.jpg\" alt=\"Ganadores del VI Certamen de Narrativa Breve 2009\" width=\"300\" height=\"200\" \/><p id=\"caption-attachment-1243\" class=\"wp-caption-text\">Ganadores del VI Certamen de Narrativa Breve 2009<\/p><\/div>\n<p><strong>Primer premio: Jos\u00e9 Luis Enciso Mart\u00ednez Ecatepec (M\u00e9xico)<br \/>\nSegundo premio: Carlos Garrido Rubio Madrid \u2013(Espa\u00f1a)<br \/>\nTercer premio: Pablo de Aguilar Gonz\u00e1lez &#8211; Molina de Segura \u2013Murcia (Espa\u00f1a)<\/strong><\/p>\n<p style=\"text-align: center;\"><strong><\/strong><br \/>\n<strong>\u00a1\u00a1\u00a1Enhorabuena a los tres!!!<\/strong><\/p>\n","protected":false},"excerpt":{"rendered":"<p>En la noche de ayer, d\u00eda 4 de julio, se celebr\u00f3 la entrega de premios de los diversos cert\u00e1menes que organiza La Asociaci\u00f3n Canal Literatura con la presencia de unas 90 personas llegadas de todas las partes de Espa\u00f1a, de Alemania, Suiza e Italia y en un ambiente emotivo y festivo que hizo que la velada fuera m\u00e1gica, entra\u00f1able e inolvidable. Primer Premio Primer premio: Jos\u00e9 Luis Enciso Mart\u00ednez Ecatepec (M\u00e9xico) Segundo premio: Carlos Garrido Rubio Madrid \u2013(Espa\u00f1a) Tercer premio: Pablo de Aguilar Gonz\u00e1lez &#8211; Molina de Segura \u2013Murcia (Espa\u00f1a) \u00a1\u00a1\u00a1Enhorabuena a los tres!!!<\/p>\n<p> <a class=\"continue-reading-link\" href=\"https:\/\/www.canal-literatura.es\/6certamen\/?p=1242\"><span>Continuar leyendo<\/span><i class=\"crycon-right-dir\"><\/i><\/a> <\/p>\n","protected":false},"author":1,"featured_media":0,"comment_status":"open","ping_status":"open","sticky":false,"template":"","format":"standard","meta":[],"categories":[1],"tags":[],"amp_enabled":true,"_links":{"self":[{"href":"https:\/\/www.canal-literatura.es\/6certamen\/index.php?rest_route=\/wp\/v2\/posts\/1242"}],"collection":[{"href":"https:\/\/www.canal-literatura.es\/6certamen\/index.php?rest_route=\/wp\/v2\/posts"}],"about":[{"href":"https:\/\/www.canal-literatura.es\/6certamen\/index.php?rest_route=\/wp\/v2\/types\/post"}],"author":[{"embeddable":true,"href":"https:\/\/www.canal-literatura.es\/6certamen\/index.php?rest_route=\/wp\/v2\/users\/1"}],"replies":[{"embeddable":true,"href":"https:\/\/www.canal-literatura.es\/6certamen\/index.php?rest_route=%2Fwp%2Fv2%2Fcomments&post=1242"}],"version-history":[{"count":0,"href":"https:\/\/www.canal-literatura.es\/6certamen\/index.php?rest_route=\/wp\/v2\/posts\/1242\/revisions"}],"wp:attachment":[{"href":"https:\/\/www.canal-literatura.es\/6certamen\/index.php?rest_route=%2Fwp%2Fv2%2Fmedia&parent=1242"}],"wp:term":[{"taxonomy":"category","embeddable":true,"href":"https:\/\/www.canal-literatura.es\/6certamen\/index.php?rest_route=%2Fwp%2Fv2%2Fcategories&post=1242"},{"taxonomy":"post_tag","embeddable":true,"href":"https:\/\/www.canal-literatura.es\/6certamen\/index.php?rest_route=%2Fwp%2Fv2%2Ftags&post=1242"}],"curies":[{"name":"wp","href":"https:\/\/api.w.org\/{rel}","templated":true}]}}