{"id":1248,"date":"2009-07-07T21:26:23","date_gmt":"2009-07-07T19:26:23","guid":{"rendered":"http:\/\/www.canal-literatura.es\/6certamen\/?p=1248"},"modified":"2022-12-29T12:35:14","modified_gmt":"2022-12-29T11:35:14","slug":"ganadora-del-premio-especial-amor-en-el-tiempo-2009","status":"publish","type":"post","link":"https:\/\/www.canal-literatura.es\/6certamen\/?p=1248","title":{"rendered":"Ganadora del Premio Especial \u00abAmor en el Tiempo\u00bb 2009"},"content":{"rendered":"<p><img decoding=\"async\" loading=\"lazy\" class=\"wp-image-1311 aligncenter\" src=\"https:\/\/www.canal-literatura.es\/6certamen\/wp-content\/uploads\/2009\/07\/LuciaParrilla2.jpg\" alt=\"\" width=\"463\" height=\"586\" srcset=\"https:\/\/www.canal-literatura.es\/6certamen\/wp-content\/uploads\/2009\/07\/LuciaParrilla2.jpg 600w, https:\/\/www.canal-literatura.es\/6certamen\/wp-content\/uploads\/2009\/07\/LuciaParrilla2-237x300.jpg 237w, https:\/\/www.canal-literatura.es\/6certamen\/wp-content\/uploads\/2009\/07\/LuciaParrilla2-119x150.jpg 119w\" sizes=\"(max-width: 463px) 100vw, 463px\" \/><\/p>\n<p style=\"text-align: justify;\">El jurado del Premio Especial formado por dos padrinos de excepci\u00f3n como <strong>la escritora Carmen Posadas y el poeta Carlos Marzal<\/strong> deliberaron tambi\u00e9n durante hora y media el ganador de este premio que fue a parar a <strong>Lucia parrilla Sagra de Ja\u00e9n (Espa\u00f1a) <\/strong>, no obstante, el jurado quiso hacer dos menciones especiales a otros dos microtextos concursantes:<br \/>\n1\u00aa menci\u00f3n especial para <strong>Ana M\u00aa \u00c1lvarez Barroso de Sevilla.<br \/>\n2\u00aa menci\u00f3n especial para Felisa Moreno Ortega, de Alcaudete -Ja\u00e9n (Espa\u00f1a)<\/strong><\/p>\n<div id=\"attachment_1313\" style=\"width: 810px\" class=\"wp-caption aligncenter\"><img aria-describedby=\"caption-attachment-1313\" decoding=\"async\" loading=\"lazy\" class=\"wp-image-1313 size-full\" src=\"https:\/\/www.canal-literatura.es\/6certamen\/wp-content\/uploads\/2009\/07\/finalistas-Amor-en-el-tiempo-1.jpg\" alt=\"\" width=\"800\" height=\"532\" srcset=\"https:\/\/www.canal-literatura.es\/6certamen\/wp-content\/uploads\/2009\/07\/finalistas-Amor-en-el-tiempo-1.jpg 800w, https:\/\/www.canal-literatura.es\/6certamen\/wp-content\/uploads\/2009\/07\/finalistas-Amor-en-el-tiempo-1-300x200.jpg 300w, https:\/\/www.canal-literatura.es\/6certamen\/wp-content\/uploads\/2009\/07\/finalistas-Amor-en-el-tiempo-1-150x100.jpg 150w\" sizes=\"(max-width: 800px) 100vw, 800px\" \/><p id=\"caption-attachment-1313\" class=\"wp-caption-text\">Murcia 2009<\/p><\/div>\n<p style=\"text-align: justify;\">*Finalistas del Premio Especial \u201cAmor en el tiempo\u201d junto al jurado compuesto por <strong>Carmen Posadas y Carlos Marzal<\/strong>. En el centro, <strong>Mar\u00eda Luisa Nu\u00f1ez<\/strong>, directora del Canal Literatura, junto a su marido <strong>Salvatore Branchina<\/strong>, que celebraron sus bodas de plata el 27 de junio de 2009.<\/p>\n<p><center>Video de la entrega de premios el 4 de julio de 2009 en Murcia.<br \/>\n<iframe loading=\"lazy\" src=\"https:\/\/www.youtube.com\/embed\/OZbP8MmYERk?rel=0\" width=\"640\" height=\"360\" frameborder=\"0\" allowfullscreen=\"allowfullscreen\"><\/iframe><\/center><\/p>\n","protected":false},"excerpt":{"rendered":"<p>El jurado del Premio Especial formado por dos padrinos de excepci\u00f3n como la escritora Carmen Posadas y el poeta Carlos Marzal deliberaron tambi\u00e9n durante hora y media el ganador de este premio que fue a parar a Lucia parrilla Sagra de Ja\u00e9n (Espa\u00f1a) , no obstante, el jurado quiso hacer dos menciones especiales a otros dos microtextos concursantes: 1\u00aa menci\u00f3n especial para Ana M\u00aa \u00c1lvarez Barroso de Sevilla. 2\u00aa menci\u00f3n especial para Felisa Moreno Ortega, de Alcaudete -Ja\u00e9n (Espa\u00f1a) *Finalistas del Premio Especial \u201cAmor en el tiempo\u201d junto al jurado compuesto por Carmen Posadas y Carlos Marzal. En el centro,\u2026<\/p>\n<p> <a class=\"continue-reading-link\" href=\"https:\/\/www.canal-literatura.es\/6certamen\/?p=1248\"><span>Continuar leyendo<\/span><i class=\"crycon-right-dir\"><\/i><\/a> <\/p>\n","protected":false},"author":1,"featured_media":0,"comment_status":"open","ping_status":"open","sticky":false,"template":"","format":"standard","meta":[],"categories":[1],"tags":[12,11,8],"amp_enabled":true,"_links":{"self":[{"href":"https:\/\/www.canal-literatura.es\/6certamen\/index.php?rest_route=\/wp\/v2\/posts\/1248"}],"collection":[{"href":"https:\/\/www.canal-literatura.es\/6certamen\/index.php?rest_route=\/wp\/v2\/posts"}],"about":[{"href":"https:\/\/www.canal-literatura.es\/6certamen\/index.php?rest_route=\/wp\/v2\/types\/post"}],"author":[{"embeddable":true,"href":"https:\/\/www.canal-literatura.es\/6certamen\/index.php?rest_route=\/wp\/v2\/users\/1"}],"replies":[{"embeddable":true,"href":"https:\/\/www.canal-literatura.es\/6certamen\/index.php?rest_route=%2Fwp%2Fv2%2Fcomments&post=1248"}],"version-history":[{"count":0,"href":"https:\/\/www.canal-literatura.es\/6certamen\/index.php?rest_route=\/wp\/v2\/posts\/1248\/revisions"}],"wp:attachment":[{"href":"https:\/\/www.canal-literatura.es\/6certamen\/index.php?rest_route=%2Fwp%2Fv2%2Fmedia&parent=1248"}],"wp:term":[{"taxonomy":"category","embeddable":true,"href":"https:\/\/www.canal-literatura.es\/6certamen\/index.php?rest_route=%2Fwp%2Fv2%2Fcategories&post=1248"},{"taxonomy":"post_tag","embeddable":true,"href":"https:\/\/www.canal-literatura.es\/6certamen\/index.php?rest_route=%2Fwp%2Fv2%2Ftags&post=1248"}],"curies":[{"name":"wp","href":"https:\/\/api.w.org\/{rel}","templated":true}]}}