{"id":531,"date":"2009-03-30T14:18:08","date_gmt":"2009-03-30T13:18:08","guid":{"rendered":"http:\/\/www.canal-literatura.es\/6certamen\/?p=531"},"modified":"2016-01-28T14:43:11","modified_gmt":"2016-01-28T12:43:11","slug":"89-pajaros-en-la-cabeza-por-beckett","status":"publish","type":"post","link":"https:\/\/www.canal-literatura.es\/6certamen\/?p=531","title":{"rendered":"89-P\u00e1jaros en la cabeza. Por Beckett"},"content":{"rendered":"<p class=\"MsoNormal\" style=\"margin: 0cm 0cm 0pt; line-height: 200%;\"><span style=\"font-size: 10pt; line-height: 200%; font-family: Verdana;\">Mi padre me mira desde el otro lado de la mesa, no deja de gritar frases que yo no puedo entender. Mi madre calla mientras me deja el plato de sopa delante de m\u00ed, ella ya ha dejado de creer en aquellas palabras que un d\u00eda le cont\u00e9. <!--more-->Yo no puedo apartar los ojos de la ventana, las nubes pasan formando dibujos en el cielo azul. Da igual lo que me digan, lo que piensen, solo soy capaz de entender que el cielo me recuerda a un infinito mar sin olas que con mi mente soy capaz de surcar.<\/span><\/p>\n<p class=\"MsoNormal\" style=\"margin: 0cm 0cm 0pt; line-height: 200%;\"><span style=\"font-size: 10pt; line-height: 200%; font-family: Verdana;\">Mi padre<span style=\"mso-spacerun: yes;\">\u00a0 <\/span>se levanta enfadado y me dice que tengo la cabeza llena de p\u00e1jaros\u2026 tiene raz\u00f3n, tengo la cabeza llena de p\u00e1jaros que baten sus alas dentro de m\u00ed, siento el golpear de sus picos y sus cantos infinitos que no dejan de sonar y sonar. Quiero ser como uno de esos p\u00e1jaros que vuelan en mi cabeza, pero no tengo unas alas que me puedan llevar lejos, muy lejos de aqu\u00ed. Trato de no llorar y procuro mentir sobre un cielo azul que acaricia un mar que nunca ver\u00e9.<\/span><\/p>\n<p class=\"MsoNormal\" style=\"margin: 0cm 0cm 0pt; line-height: 200%;\"><span style=\"font-size: 10pt; line-height: 200%; font-family: Verdana;\">NO es f\u00e1cil vivir mientras sientes que tu cabeza est\u00e1 llena de sue\u00f1os y aves que tratan de buscar un espacio donde poder volar. Siento sin embargo como las alas golpean en mi mente tratando de encontrar una libertad que no les podr\u00e9 dar. Mientras tanto, trato de parecer normal, intento esconder ese ruido eterno que nace dentro de m\u00ed y procuro siempre que puedo poder mirar hacia el cielo para ver bandadas de p\u00e1jaros volar hacia otras tierras, hacia otros cielos.<\/span><\/p>\n<p class=\"MsoNormal\" style=\"margin: 0cm 0cm 0pt; line-height: 200%;\"><span style=\"font-size: 10pt; line-height: 200%; font-family: Verdana;\">Sentado<span style=\"mso-spacerun: yes;\">\u00a0 <\/span>en mi trabajo veo como alguien no deja de gritar frases que yo no puedo entender, siento las miradas de otros compa\u00f1eros fijas en mi. Yo solo miro a trav\u00e9s de una ventana como las nubes dibujan sobre el cielo formas que me hacen re\u00edr. Aunque lo intenten disimular ellos y yo estamos bajo el mismo cielo, aquel que surcan bandadas de p\u00e1jaros que nadie podr\u00e1 detener.<\/span><\/p>\n<p class=\"MsoNormal\" style=\"margin: 0cm 0cm 0pt; line-height: 200%;\"><span style=\"font-size: 10pt; line-height: 200%; font-family: Verdana;\">Alg\u00fan d\u00eda mis p\u00e1jaros se ir\u00e1n volando muy lejos de m\u00ed, y ya no sentir\u00e9 sus aleteos nerviosos surcar mi mente. Ese d\u00eda<span style=\"mso-spacerun: yes;\">\u00a0 <\/span>yo extender\u00e9 mis alas y volar\u00e9 junto a ellos, quiz\u00e1s ya no regrese nunca m\u00e1s. Si ese d\u00eda llega piensa en m\u00ed como yo pienso en ti, porque los dos estamos bajo el mismo cielo, porque los dos sentimos como los p\u00e1jaros nos dicen que no estamos solos y porque los sue\u00f1os como la vida nunca mueren del todo.<\/span><\/p>\n<p>&nbsp;<br \/>\n&nbsp;<\/p>\n","protected":false},"excerpt":{"rendered":"<p>Mi padre me mira desde el otro lado de la mesa, no deja de gritar frases que yo no puedo entender. Mi madre calla mientras me deja el plato de sopa delante de m\u00ed, ella ya ha dejado de creer en aquellas palabras que un d\u00eda le cont\u00e9.<\/p>\n<p> <a class=\"continue-reading-link\" href=\"https:\/\/www.canal-literatura.es\/6certamen\/?p=531\"><span>Continuar leyendo<\/span><i class=\"crycon-right-dir\"><\/i><\/a> <\/p>\n","protected":false},"author":1,"featured_media":0,"comment_status":"open","ping_status":"open","sticky":false,"template":"","format":"standard","meta":[],"categories":[3],"tags":[],"amp_enabled":true,"_links":{"self":[{"href":"https:\/\/www.canal-literatura.es\/6certamen\/index.php?rest_route=\/wp\/v2\/posts\/531"}],"collection":[{"href":"https:\/\/www.canal-literatura.es\/6certamen\/index.php?rest_route=\/wp\/v2\/posts"}],"about":[{"href":"https:\/\/www.canal-literatura.es\/6certamen\/index.php?rest_route=\/wp\/v2\/types\/post"}],"author":[{"embeddable":true,"href":"https:\/\/www.canal-literatura.es\/6certamen\/index.php?rest_route=\/wp\/v2\/users\/1"}],"replies":[{"embeddable":true,"href":"https:\/\/www.canal-literatura.es\/6certamen\/index.php?rest_route=%2Fwp%2Fv2%2Fcomments&post=531"}],"version-history":[{"count":0,"href":"https:\/\/www.canal-literatura.es\/6certamen\/index.php?rest_route=\/wp\/v2\/posts\/531\/revisions"}],"wp:attachment":[{"href":"https:\/\/www.canal-literatura.es\/6certamen\/index.php?rest_route=%2Fwp%2Fv2%2Fmedia&parent=531"}],"wp:term":[{"taxonomy":"category","embeddable":true,"href":"https:\/\/www.canal-literatura.es\/6certamen\/index.php?rest_route=%2Fwp%2Fv2%2Fcategories&post=531"},{"taxonomy":"post_tag","embeddable":true,"href":"https:\/\/www.canal-literatura.es\/6certamen\/index.php?rest_route=%2Fwp%2Fv2%2Ftags&post=531"}],"curies":[{"name":"wp","href":"https:\/\/api.w.org\/{rel}","templated":true}]}}