{"id":612,"date":"2009-04-03T19:46:44","date_gmt":"2009-04-03T17:46:44","guid":{"rendered":"http:\/\/www.canal-literatura.es\/6certamen\/?p=612"},"modified":"2009-04-03T19:46:44","modified_gmt":"2009-04-03T17:46:44","slug":"107-el-ultimo-deseo-por-nieto","status":"publish","type":"post","link":"https:\/\/www.canal-literatura.es\/6certamen\/?p=612","title":{"rendered":"107-El \u00faltimo deseo. Por Nieto"},"content":{"rendered":"<p class=\"MsoNormal\" style=\"margin: 0cm 0cm 0pt; line-height: 200%;\"><span style=\"font-size: 10pt; line-height: 200%; font-family: Verdana; mso-bidi-font-weight: bold;\">No paraba de ver pasar olivos y olivares, pero aquellos troncos sombr\u00edos que se retorc\u00edan dolorosamente bajo la escasa luz de la noche no me parec\u00edan realmente el paisaje buc\u00f3lico que Lorca mimaba y alababa en su poes\u00eda.<!--more-->\u00a0Estaba ya cansado de conducir. Ven\u00eda de C\u00f3rdoba en direcci\u00f3n a Granada para cumplir el viejo de deseo de mi abuela. <\/span><\/p>\n<p class=\"MsoNormal\" style=\"margin: 0cm 0cm 0pt; line-height: 200%;\"><span style=\"font-size: 10pt; line-height: 200%; font-family: Verdana; mso-bidi-font-weight: bold;\">En realidad el asunto era m\u00e1s enrevesado de lo que parec\u00eda. Mi abuela siempre tuvo un idilio con el mar en todas sus manifestaciones. Yo de aquello infer\u00ed que si la pobre mujer hubiera tenido tiempo o lucidez para formular un \u00faltimo deseo, hubiera sido que sus cenizas fueran lanzadas al mar. Pens\u00e1ndolo, me pareci\u00f3 una estampa de lo m\u00e1s rom\u00e1ntica. Record\u00e9 aquella tarde en las calas de Roche viendo la viveza del oc\u00e9ano arrojando espuma salina sobre aquella mujer, que jugaba en las olas. Me imagine a mi mismo con los pies en el mecer de las olas, cogiendo pu\u00f1ados del contenedor de cenizas, tir\u00e1ndolas al aire. Mientras, el sol se pondr\u00eda sobre el cabo, y el viejo faro que despuntaba en lo alto del acantilado comenzar\u00eda a girar su luz sobre la bah\u00eda de Conil. Y mi abuela se alejar\u00eda dispers\u00e1ndose por dos mares, parte hacia el Atl\u00e1ntico abierto y parte penetrar\u00eda en el Mediterr\u00e1neo andaluz, m\u00e1s all\u00e1 del estrecho.<\/span><\/p>\n<p class=\"MsoNormal\" style=\"margin: 0cm 0cm 0pt; line-height: 200%;\"><span style=\"font-size: 10pt; line-height: 200%; font-family: Verdana; mso-bidi-font-weight: bold;\">Pero no.<span style=\"mso-spacerun: yes;\">\u00a0 <\/span>Por alguna raz\u00f3n que no alcanzo todav\u00eda a distinguir, mi t\u00edo se empe\u00f1\u00f3 en que habr\u00edamos de arrojar las cenizas de mi abuela desde el mirador de San Nicol\u00e1s, en lo alto del Albaic\u00edn,<span style=\"mso-spacerun: yes;\">\u00a0 <\/span>mirando a la Alhambra. En aquellos d\u00edas mi t\u00edo no se ve\u00eda en el mejor de los juicios y ninguno quer\u00edamos discutir. Su inexplicable propuesta levant\u00f3 el asombro entre la familia, los que est\u00e1bamos congregados en el tanatorio de San Mill\u00e1n. Mi madre me miraba aprensivamente cuando contradije a mi t\u00edo habl\u00e1ndole del mar; y mi padre, el hij\u00edsimo afectado nunca mencion\u00f3 palabra. Yo creo que ambos simplemente quer\u00edan acabar con aquel tema lo antes posible, y as\u00ed fue como mi t\u00edo dict\u00f3 el destino del cinerario. Con sa\u00f1a y por condescendencia.<\/span><\/p>\n<p class=\"MsoNormal\" style=\"margin: 0cm 0cm 0pt; line-height: 200%;\"><span style=\"font-size: 10pt; line-height: 200%; font-family: Verdana; mso-bidi-font-weight: bold;\">Pero yo, tenaz desde peque\u00f1o y testarudo de ocasi\u00f3n, resolv\u00ed que si eso \u00edbamos a hacer, ser\u00eda yo quien ejecutar\u00eda aquella supuesta \u00faltima voluntad de mi abuela. Como era de esperar, mi t\u00edo se opuso, pero tuvo que aceptar el quid pro quo.<span style=\"mso-spacerun: yes;\">\u00a0 <\/span><\/span><\/p>\n<p class=\"MsoNormal\" style=\"margin: 0cm 0cm 0pt; line-height: 200%;\"><span style=\"font-size: 10pt; line-height: 200%; font-family: Verdana; mso-bidi-font-weight: bold;\">As\u00ed es como me vi atravesando campos, olivares y colinas, matorrales y pastizales, hacia la joya andalus\u00ed. Llegando a la Vega, masas arb\u00f3reas oscuras comenzaban a surgir en aquella luz plateada y poco densa. La carretera giraba sobre unas choperas, y los altos montes &#8211; la Sierra Nevada- se perfilaban ya en el contraste de la noche. Pronto alcanzar\u00eda la ciudad y miles de luces titilar\u00edan en el valle del Genil y del Darro. <\/span><\/p>\n<p class=\"MsoNormal\" style=\"margin: 0cm 0cm 0pt; line-height: 200%;\"><span style=\"font-size: 10pt; line-height: 200%; font-family: Verdana; mso-bidi-font-weight: bold;\">Seg\u00fan me fui acercando al cintur\u00f3n vial, las se\u00f1ales comenzaron a apuntar hacia Almer\u00eda. Almer\u00eda, el Cabo de Gata y su parque natural. Rememor\u00e9 aquella orograf\u00eda extra\u00f1a, con esos bosques de flores arb\u00f3reas de cactus desahuciados, las playas con ruinas y fortalezas abandonadas, o el paisaje lunar de la costa de roca blanca y pulida. El arrullo del mar. <\/span><\/p>\n<p class=\"MsoNormal\" style=\"margin: 0cm 0cm 0pt; line-height: 200%;\"><span style=\"font-size: 10pt; line-height: 200%; font-family: Verdana; mso-bidi-font-weight: bold;\">Me invadi\u00f3 una gran tentaci\u00f3n de dejar de lado Granada y continuar hacia la costa nijare\u00f1a. Podr\u00eda llegar en hora y media.<span style=\"mso-spacerun: yes;\">\u00a0\u00a0 <\/span><\/span><\/p>\n<p class=\"MsoNormal\" style=\"margin: 0cm 0cm 0pt; line-height: 200%;\"><span style=\"font-size: 10pt; line-height: 200%; font-family: Verdana; mso-bidi-font-weight: bold;\">Cansado, me frot\u00e9 los ojos y ech\u00e9 un vistazo a la urna que ten\u00eda en el asiento del copiloto. Una magn\u00edfica compa\u00f1era de viaje, mi abuela. Yo era uno de sus nietos favoritos y fui de los pocos en la familia a los que demostr\u00f3 su cari\u00f1o. A m\u00ed, y a mi prima la cient\u00edfica de Princeton. Pero ella se encontraba lejos, en Am\u00e9rica, inalcanzable para cualquier consulta. <\/span><\/p>\n<p class=\"MsoNormal\" style=\"margin: 0cm 0cm 0pt; line-height: 200%;\"><span style=\"font-size: 10pt; line-height: 200%; font-family: Verdana; mso-bidi-font-weight: bold;\">&#8211; Ama, \u00bft\u00fa qu\u00e9 opinas? \u2013 le pregunt\u00e9 en una conversaci\u00f3n imaginaria \u2013 \u00bfDeber\u00eda hacer caso al Tito \u2013 que, mira , anda un poco trastocado, la verdad- o seguir el dictado de mi coraz\u00f3n y hacer lo que creo que la abuelita querr\u00eda?<span style=\"mso-spacerun: yes;\">\u00a0 <\/span><\/span><\/p>\n<p class=\"MsoNormal\" style=\"margin: 0cm 0cm 0pt; line-height: 200%;\"><span style=\"font-size: 10pt; line-height: 200%; font-family: Verdana; mso-bidi-font-weight: bold;\">Mi prima mostr\u00f3 aquella ampl\u00edsima sonrisa suya:<\/span><\/p>\n<p class=\"MsoNormal\" style=\"margin: 0cm 0cm 0pt; line-height: 200%;\"><span style=\"font-size: 10pt; line-height: 200%; font-family: Verdana; mso-bidi-font-weight: bold;\">&#8211; Primo, yo conf\u00edo en ti. \u00bfPor qu\u00e9 no le preguntas a propia interesada? \u2013 me dijo su proyecci\u00f3n imaginada.<\/span><\/p>\n<p class=\"MsoNormal\" style=\"margin: 0cm 0cm 0pt; line-height: 200%;\"><span style=\"font-size: 10pt; line-height: 200%; font-family: Verdana; mso-bidi-font-weight: bold;\">&#8211; \u00a1Sab\u00eda que tu y yo est\u00e1bamos en la misma onda! Abuelita, \u00bftu que opinas? \u2013 dije, conjurando una alucinaci\u00f3n de mi abuela revivida. <\/span><\/p>\n<p class=\"MsoNormal\" style=\"margin: 0cm 0cm 0pt; line-height: 200%;\"><span style=\"font-size: 10pt; line-height: 200%; font-family: Verdana; mso-bidi-font-weight: bold;\">-. Ay, ni\u00f1o, no s\u00e9. Yo por no molestar, donde me dig\u00e1is. <\/span><\/p>\n<p class=\"MsoNormal\" style=\"margin: 0cm 0cm 0pt; line-height: 200%;\"><span style=\"font-size: 10pt; line-height: 200%; font-family: Verdana; mso-bidi-font-weight: bold;\">&#8211; Que no Abue, que no es eso. \u00bfT\u00fa donde quieres? Y ni caso de lo que diga Tito.<\/span><\/p>\n<p class=\"MsoNormal\" style=\"margin: 0cm 0cm 0pt; line-height: 200%;\"><span style=\"font-size: 10pt; line-height: 200%; font-family: Verdana; mso-bidi-font-weight: bold;\">Mi abuela me sonr\u00edo con aquella cara que sol\u00eda poner cuando ya de mayor no o\u00eda por la sordera. <\/span><\/p>\n<p class=\"MsoNormal\" style=\"margin: 0cm 0cm 0pt; line-height: 200%;\"><span style=\"font-size: 10pt; line-height: 200%; font-family: Verdana; mso-bidi-font-weight: bold;\">&#8211; A ver, Abuelita, a ti siempre te gust\u00f3 el mar. \u00bfNo prefieres ir a nadar como sol\u00edas hacerlo cuando yo era ni\u00f1o? <\/span><\/p>\n<p class=\"MsoNormal\" style=\"margin: 0cm 0cm 0pt; line-height: 200%;\"><span style=\"font-size: 10pt; line-height: 200%; font-family: Verdana; mso-bidi-font-weight: bold;\">Sigui\u00f3 sonriendo, como si no me escuchara:<\/span><\/p>\n<p class=\"MsoNormal\" style=\"margin: 0cm 0cm 0pt; line-height: 200%;\"><span style=\"font-size: 10pt; line-height: 200%; font-family: Verdana; mso-bidi-font-weight: bold;\">&#8211; Te quiero, cari\u00f1o \u2013 y la proyecci\u00f3n de la muerta se disolvi\u00f3. <\/span><\/p>\n<p class=\"MsoNormal\" style=\"margin: 0cm 0cm 0pt; line-height: 200%;\"><span style=\"font-size: 10pt; line-height: 200%; font-family: Verdana; mso-bidi-font-weight: bold;\">\u00a0<\/span><\/p>\n<p class=\"MsoNormal\" style=\"margin: 0cm 0cm 0pt; line-height: 200%;\"><span style=\"font-size: 10pt; line-height: 200%; font-family: Verdana; mso-bidi-font-weight: bold;\">Yo tambi\u00e9n te quer\u00eda, pens\u00e9 para mis adentros. Hasta las alucinaciones se rebelaban en aquellos d\u00edas, y ni de ellas pod\u00edas obtener una respuesta clara.<\/span><\/p>\n<p class=\"MsoNormal\" style=\"margin: 0cm 0cm 0pt; line-height: 200%;\"><span style=\"font-size: 10pt; line-height: 200%; font-family: Verdana; mso-bidi-font-weight: bold;\">Me imagin\u00e9 la escena en lo alto del Albaic\u00edn. A los pies del mirador se extender\u00eda el valle del Darro y los cipreses, el Paseo de los Tristes y m\u00e1s all\u00e1, se divisar\u00edan las casas blancas arremolinadas subiendo por la ladera. A mis espaldas, la iglesia de muros blancos y techo de teja roja. Me envolver\u00eda el bullicio de la plazoleta: el malabarista, los hippies risue\u00f1os y la gitana de las casta\u00f1uelas, embaucadora de turistas. De frente, el panorama del Castillo Rojo, y en su contorno, bosque verde. <\/span><\/p>\n<p class=\"MsoNormal\" style=\"margin: 0cm 0cm 0pt; line-height: 200%;\"><span style=\"font-size: 10pt; line-height: 200%; font-family: Verdana; mso-bidi-font-weight: bold;\">Lo har\u00eda entonces. Desparramar\u00eda las cenizas y bajar\u00eda por el flanco derecho, con la urna vac\u00eda en una mano y el coraz\u00f3n en la otra. Habr\u00eda tirado sus cenizas al pavimento del insigne barrio nazar\u00ed. Pero pavimento despu\u00e9s de todo. <\/span><\/p>\n<p class=\"MsoNormal\" style=\"margin: 0cm 0cm 0pt; line-height: 200%;\"><span style=\"font-size: 10pt; line-height: 200%; font-family: Verdana; mso-bidi-font-weight: bold;\">\u00a0<\/span><\/p>\n<p class=\"MsoNormal\" style=\"margin: 0cm 0cm 0pt; line-height: 200%;\"><span style=\"font-size: 10pt; line-height: 200%; font-family: Verdana; mso-bidi-font-weight: bold;\">Absorto en mis enso\u00f1aciones, tom\u00e9 la decisi\u00f3n inconscientemente. Cuando me quise dar cuenta, Granada se hab\u00eda quedado atr\u00e1s y la carretera serpenteaba ya hacia levante. Pronto comenzar\u00eda el paisaje ocre y ondulado, salpicado aqu\u00ed y all\u00e1 de invernaderos y pl\u00e1sticos blancos. Pronto llegar\u00eda a la sierra de Gata, regada de monte bajo y tierra yerma, de escabrosas paredes y ambiente fantasmal, como de un tiempo antediluviano. En las riberas de la costa,<span style=\"mso-spacerun: yes;\">\u00a0 <\/span>campos de cactus y formaciones arbustivas se arremolinar\u00edan desde los caminos hasta las lomas, trepando hasta las colinas m\u00e1s altas. <\/span><\/p>\n<p class=\"MsoNormal\" style=\"margin: 0cm 0cm 0pt; line-height: 200%;\"><span style=\"font-size: 10pt; line-height: 200%; font-family: Verdana; mso-bidi-font-weight: bold;\">\u00a0<\/span><\/p>\n<p class=\"MsoNormal\" style=\"margin: 0cm 0cm 0pt; line-height: 200%;\"><span style=\"font-size: 10pt; line-height: 200%; font-family: Verdana; mso-bidi-font-weight: bold;\">Llegu\u00e9 a<span style=\"mso-spacerun: yes;\">\u00a0 <\/span>la playa de los Muertos cuando ya amanec\u00eda. Escog\u00ed la orilla bajo aquel pe\u00f1asco horadado y de arquitectura ins\u00f3lita que se erig\u00eda en el linde meridional de la playa. Ser\u00eda el altar de la despedida. Cerr\u00e9 los ojos, arrullado por el batir de las olas. Me concentr\u00e9 evocando todo recuerdo de mi abuela, conjurando su esencia para fundirla con el aire c\u00e1lido y salino que invad\u00eda mis pulmones. Alcanzado tal culmen sensorial, abr\u00ed la urna, dispuesto al rito. Hund\u00ed la mano en el contenido y &#8230; la magia se desvaneci\u00f3 de golpe. <\/span><\/p>\n<p class=\"MsoNormal\" style=\"margin: 0cm 0cm 0pt; line-height: 200%;\"><span style=\"font-size: 10pt; line-height: 200%; font-family: Verdana; mso-bidi-font-weight: bold;\">Aquello eran&#8230; \u00a1lentejas! <\/span><\/p>\n<p class=\"MsoNormal\" style=\"margin: 0cm 0cm 0pt; line-height: 200%;\"><span style=\"font-size: 10pt; line-height: 200%; font-family: Verdana; mso-bidi-font-weight: bold;\">\u00a1Tito nos la hab\u00eda jugado!<\/span><\/p>\n<p class=\"MsoNormal\" style=\"margin: 0cm 0cm 0pt; line-height: 200%;\"><span style=\"font-size: 10pt; line-height: 200%; font-family: Verdana; mso-bidi-font-weight: bold;\">Me imagin\u00e9 a mi t\u00edo huyendo en un tren hacia el norte, una caricatura de cara cetrina que aferraba entre sus brazos un peque\u00f1o cofre, y no pude por menos que echarme a re\u00edr, mientras el sol emerg\u00eda sobre el horizonte.<strong><\/strong><\/span><\/p>\n","protected":false},"excerpt":{"rendered":"<p>No paraba de ver pasar olivos y olivares, pero aquellos troncos sombr\u00edos que se retorc\u00edan dolorosamente bajo la escasa luz de la noche no me parec\u00edan realmente el paisaje buc\u00f3lico que Lorca mimaba y alababa en su poes\u00eda.<\/p>\n<p> <a class=\"continue-reading-link\" href=\"https:\/\/www.canal-literatura.es\/6certamen\/?p=612\"><span>Continuar leyendo<\/span><i class=\"crycon-right-dir\"><\/i><\/a> <\/p>\n","protected":false},"author":1,"featured_media":0,"comment_status":"open","ping_status":"open","sticky":false,"template":"","format":"standard","meta":[],"categories":[3],"tags":[],"amp_enabled":true,"_links":{"self":[{"href":"https:\/\/www.canal-literatura.es\/6certamen\/index.php?rest_route=\/wp\/v2\/posts\/612"}],"collection":[{"href":"https:\/\/www.canal-literatura.es\/6certamen\/index.php?rest_route=\/wp\/v2\/posts"}],"about":[{"href":"https:\/\/www.canal-literatura.es\/6certamen\/index.php?rest_route=\/wp\/v2\/types\/post"}],"author":[{"embeddable":true,"href":"https:\/\/www.canal-literatura.es\/6certamen\/index.php?rest_route=\/wp\/v2\/users\/1"}],"replies":[{"embeddable":true,"href":"https:\/\/www.canal-literatura.es\/6certamen\/index.php?rest_route=%2Fwp%2Fv2%2Fcomments&post=612"}],"version-history":[{"count":0,"href":"https:\/\/www.canal-literatura.es\/6certamen\/index.php?rest_route=\/wp\/v2\/posts\/612\/revisions"}],"wp:attachment":[{"href":"https:\/\/www.canal-literatura.es\/6certamen\/index.php?rest_route=%2Fwp%2Fv2%2Fmedia&parent=612"}],"wp:term":[{"taxonomy":"category","embeddable":true,"href":"https:\/\/www.canal-literatura.es\/6certamen\/index.php?rest_route=%2Fwp%2Fv2%2Fcategories&post=612"},{"taxonomy":"post_tag","embeddable":true,"href":"https:\/\/www.canal-literatura.es\/6certamen\/index.php?rest_route=%2Fwp%2Fv2%2Ftags&post=612"}],"curies":[{"name":"wp","href":"https:\/\/api.w.org\/{rel}","templated":true}]}}