{"id":933,"date":"2009-04-15T22:58:26","date_gmt":"2009-04-15T20:58:26","guid":{"rendered":"http:\/\/www.canal-literatura.es\/6certamen\/?p=933"},"modified":"2009-04-15T22:58:26","modified_gmt":"2009-04-15T20:58:26","slug":"173-reservada-para-la-ocasion-por-aghata-de-la-sierra","status":"publish","type":"post","link":"https:\/\/www.canal-literatura.es\/6certamen\/?p=933","title":{"rendered":"173-Reservada para la ocasi\u00f3n. Por \u00c1ghata de la Sierra"},"content":{"rendered":"<p class=\"MsoNormal\" style=\"margin: 0cm 0cm 0pt; text-indent: 27pt; text-align: justify;\"><span style=\"font-size: 10pt; font-family: Symbol; mso-ansi-language: ES-TRAD; mso-ascii-font-family: Verdana; mso-hansi-font-family: Verdana; mso-char-type: symbol; mso-symbol-font-family: Symbol;\" lang=\"ES-TRAD\"><span style=\"mso-char-type: symbol; mso-symbol-font-family: Symbol;\">\u00be<\/span><\/span><span style=\"font-size: 10pt; font-family: Verdana; mso-ansi-language: ES-TRAD;\" lang=\"ES-TRAD\"> \u00a1Nena! Ven a darle dos besos a la t\u00eda Sagrario.<\/span><\/p>\n<p class=\"MsoNormal\" style=\"margin: 0cm 0cm 0pt; text-indent: 27pt; text-align: justify;\"><span style=\"font-size: 10pt; font-family: Verdana; mso-ansi-language: ES-TRAD;\" lang=\"ES-TRAD\">Detestaba que me llamaran nena como si todav\u00eda fuera una ni\u00f1a peque\u00f1a. Detestaba tener que saltar a tierra firme y dejar a Ismael hab\u00e9rselas solo con Moby Dick. <!--more-->Detestaba que mi madre decidiera por m\u00ed lo que yo deb\u00eda hacer. \u00bfOs hab\u00e9is fijado? \u00a1Dos besos! \u00a1Si hasta me controlaba el n\u00famero, no fuera a dar de m\u00e1s o de menos! <\/span><\/p>\n<p class=\"MsoNormal\" style=\"margin: 0cm 0cm 0pt; text-indent: 27pt; text-align: justify;\"><span style=\"font-size: 10pt; font-family: Verdana; mso-ansi-language: ES-TRAD;\" lang=\"ES-TRAD\">Pero, sobre todo lo dem\u00e1s, detestaba a la t\u00eda Sagrario y su halo de perfume. Desde que me alcanzaba la memoria, la t\u00eda Sagrario nos hab\u00eda visitado tres veces. Yo la reconoc\u00eda siempre, m\u00e1s que por su rostro ins\u00edpido, por su pelo de maniqu\u00ed, sus dilatadas orejas y su perfume invasivo. <\/span><\/p>\n<p class=\"MsoNormal\" style=\"margin: 0cm 0cm 0pt; text-indent: 27pt; text-align: justify;\"><span style=\"font-size: 10pt; font-family: Verdana; mso-ansi-language: ES-TRAD;\" lang=\"ES-TRAD\">A pesar de mi fastidio, dobl\u00e9 la esquina de la p\u00e1gina, no tanto como punto de lectura como para ofrecer un asidero a Ismael, que en ese momento enarbolaba un arp\u00f3n de tama\u00f1o considerable. No quer\u00eda que se cayera por la borda mientras yo saludaba a la prima de mi abuela.<\/span><\/p>\n<p class=\"MsoNormal\" style=\"margin: 0cm 0cm 0pt; text-indent: 27pt; text-align: justify;\"><span style=\"font-size: 10pt; font-family: Verdana; mso-ansi-language: ES-TRAD;\" lang=\"ES-TRAD\">Contuve la respiraci\u00f3n y bes\u00e9 el aire debajo de los pendientes de bola de la t\u00eda Sagrario. Procur\u00e9 que sonaran mucho para que los oyera mi madre. Muac uno, muac dos, cont\u00e9 interiormente. <em style=\"mso-bidi-font-style: normal;\">Misi\u00f3n cumplida, capit\u00e1n. \u00bfPermiso para volver a bordo?<\/em> ped\u00ed a gritos en mi pensamiento mientras me daba aire con la mano abierta.<\/span><\/p>\n<p class=\"MsoNormal\" style=\"margin: 0cm 0cm 0pt; text-indent: 27pt; text-align: justify;\"><span style=\"font-size: 10pt; font-family: Verdana; mso-ansi-language: ES-TRAD;\" lang=\"ES-TRAD\"><span style=\"mso-tab-count: 1;\">\u00a0 <\/span>Pero mi madre me miraba ce\u00f1uda. \u00a1Jo! \u00a1Encima que me hab\u00eda aguantado las ganas de taparme la nariz! \u00bfTen\u00eda yo la culpa de que el olor fuera mareante?<\/span><\/p>\n<p class=\"MsoNormal\" style=\"margin: 0cm 0cm 0pt; text-indent: 27pt; text-align: justify;\"><span style=\"font-size: 10pt; font-family: Verdana; mso-ansi-language: ES-TRAD;\" lang=\"ES-TRAD\"><span style=\"mso-tab-count: 1;\">\u00a0 <\/span><\/span><span style=\"font-size: 10pt; font-family: Symbol; mso-ansi-language: ES-TRAD; mso-ascii-font-family: Verdana; mso-hansi-font-family: Verdana; mso-char-type: symbol; mso-symbol-font-family: Symbol;\" lang=\"ES-TRAD\"><span style=\"mso-char-type: symbol; mso-symbol-font-family: Symbol;\">\u00be<\/span><\/span><span style=\"font-size: 10pt; font-family: Verdana; mso-ansi-language: ES-TRAD;\" lang=\"ES-TRAD\">\u00bfQu\u00e9 le pasa, qu\u00e9 le pasa? <\/span><span style=\"font-size: 10pt; font-family: Symbol; mso-ansi-language: ES-TRAD; mso-ascii-font-family: Verdana; mso-hansi-font-family: Verdana; mso-char-type: symbol; mso-symbol-font-family: Symbol;\" lang=\"ES-TRAD\"><span style=\"mso-char-type: symbol; mso-symbol-font-family: Symbol;\">\u00be<\/span><\/span><span style=\"font-size: 10pt; font-family: Verdana; mso-ansi-language: ES-TRAD;\" lang=\"ES-TRAD\">preguntaba la t\u00eda Sagrario ignor\u00e1ndome a m\u00ed y dirigi\u00e9ndose a mi madre, como si yo fuera un animalillo o un extranjero con quien no compartiera el idioma.<\/span><\/p>\n<p class=\"MsoNormal\" style=\"margin: 0cm 0cm 0pt; text-indent: 27pt; text-align: justify;\"><span style=\"font-size: 10pt; font-family: Verdana; mso-ansi-language: ES-TRAD;\" lang=\"ES-TRAD\"><span style=\"mso-tab-count: 1;\">\u00a0 <\/span><\/span><span style=\"font-size: 10pt; font-family: Symbol; mso-ansi-language: ES-TRAD; mso-ascii-font-family: Verdana; mso-hansi-font-family: Verdana; mso-char-type: symbol; mso-symbol-font-family: Symbol;\" lang=\"ES-TRAD\"><span style=\"mso-char-type: symbol; mso-symbol-font-family: Symbol;\">\u00be<\/span><\/span><span style=\"font-size: 10pt; font-family: Verdana; mso-ansi-language: ES-TRAD;\" lang=\"ES-TRAD\">El perfume, t\u00eda. No se moleste, ya sabe c\u00f3mo son las chicas hoy en d\u00eda&#8230;<\/span><\/p>\n<p class=\"MsoNormal\" style=\"margin: 0cm 0cm 0pt; text-indent: 27pt; text-align: justify;\"><span style=\"font-size: 10pt; font-family: Verdana; mso-ansi-language: ES-TRAD;\" lang=\"ES-TRAD\"><span style=\"mso-tab-count: 1;\">\u00a0 <\/span><\/span><span style=\"font-size: 10pt; font-family: Symbol; mso-ansi-language: ES-TRAD; mso-ascii-font-family: Verdana; mso-hansi-font-family: Verdana; mso-char-type: symbol; mso-symbol-font-family: Symbol;\" lang=\"ES-TRAD\"><span style=\"mso-char-type: symbol; mso-symbol-font-family: Symbol;\">\u00be<\/span><\/span><span style=\"font-size: 10pt; font-family: Verdana; mso-ansi-language: ES-TRAD;\" lang=\"ES-TRAD\">\u00a1Ah! \u00bfQu\u00e9 te gusta el perfume? <\/span><span style=\"font-size: 10pt; font-family: Symbol; mso-ansi-language: ES-TRAD; mso-ascii-font-family: Verdana; mso-hansi-font-family: Verdana; mso-char-type: symbol; mso-symbol-font-family: Symbol;\" lang=\"ES-TRAD\"><span style=\"mso-char-type: symbol; mso-symbol-font-family: Symbol;\">\u00be<\/span><\/span><span style=\"font-size: 10pt; font-family: Verdana; mso-ansi-language: ES-TRAD;\" lang=\"ES-TRAD\">la t\u00eda Sagrario nunca se enteraba de nada; me tom\u00f3 por los hombros con cari\u00f1o y me sonri\u00f3 con toda su dentadura amarillenta. A falta de una respuesta mejor, sonre\u00ed tambi\u00e9n y parpade\u00e9 dos veces, como una ni\u00f1a buena.<\/span><\/p>\n<p class=\"MsoNormal\" style=\"margin: 0cm 0cm 0pt; text-indent: 27pt; text-align: justify;\"><span style=\"font-size: 10pt; font-family: Verdana; mso-ansi-language: ES-TRAD;\" lang=\"ES-TRAD\"><span style=\"mso-tab-count: 1;\">\u00a0 <\/span><\/span><span style=\"font-size: 10pt; font-family: Symbol; mso-ansi-language: ES-TRAD; mso-ascii-font-family: Verdana; mso-hansi-font-family: Verdana; mso-char-type: symbol; mso-symbol-font-family: Symbol;\" lang=\"ES-TRAD\"><span style=\"mso-char-type: symbol; mso-symbol-font-family: Symbol;\">\u00be<\/span><\/span><span style=\"font-size: 10pt; font-family: Verdana; mso-ansi-language: ES-TRAD;\" lang=\"ES-TRAD\">Se llama Emir <\/span><span style=\"font-size: 10pt; font-family: Symbol; mso-ansi-language: ES-TRAD; mso-ascii-font-family: Verdana; mso-hansi-font-family: Verdana; mso-char-type: symbol; mso-symbol-font-family: Symbol;\" lang=\"ES-TRAD\"><span style=\"mso-char-type: symbol; mso-symbol-font-family: Symbol;\">\u00be<\/span><\/span><span style=\"font-size: 10pt; font-family: Verdana; mso-ansi-language: ES-TRAD;\" lang=\"ES-TRAD\">me confi\u00f3 como si fuera un secreto mariano<\/span><span style=\"font-size: 10pt; font-family: Symbol; mso-ansi-language: ES-TRAD; mso-ascii-font-family: Verdana; mso-hansi-font-family: Verdana; mso-char-type: symbol; mso-symbol-font-family: Symbol;\" lang=\"ES-TRAD\"><span style=\"mso-char-type: symbol; mso-symbol-font-family: Symbol;\">\u00be<\/span><\/span><span style=\"font-size: 10pt; font-family: Verdana; mso-ansi-language: ES-TRAD;\" lang=\"ES-TRAD\"> y lo hacen con incienso tra\u00eddo de Oriente <\/span><span style=\"font-size: 10pt; font-family: Symbol; mso-ansi-language: ES-TRAD; mso-ascii-font-family: Verdana; mso-hansi-font-family: Verdana; mso-char-type: symbol; mso-symbol-font-family: Symbol;\" lang=\"ES-TRAD\"><span style=\"mso-char-type: symbol; mso-symbol-font-family: Symbol;\">\u00be<\/span><\/span><span style=\"font-size: 10pt; font-family: Verdana; mso-ansi-language: ES-TRAD;\" lang=\"ES-TRAD\">en cada s\u00edlaba me golpeaba ligeramente el hombro. Oriente estaba bien cuando le\u00eda Las Mil y Una Noches. Pero ahora eran los mares del sur los que me interesaban. Como no me mostr\u00e9 todo lo impresionada que esperaba de m\u00ed, continu\u00f3:<\/span><\/p>\n<p class=\"MsoNormal\" style=\"margin: 0cm 0cm 0pt; text-indent: 27pt; text-align: justify;\"><span style=\"font-size: 10pt; font-family: Verdana; mso-ansi-language: ES-TRAD;\" lang=\"ES-TRAD\"><span style=\"mso-tab-count: 1;\">\u00a0 <\/span><\/span><span style=\"font-size: 10pt; font-family: Symbol; mso-ansi-language: ES-TRAD; mso-ascii-font-family: Verdana; mso-hansi-font-family: Verdana; mso-char-type: symbol; mso-symbol-font-family: Symbol;\" lang=\"ES-TRAD\"><span style=\"mso-char-type: symbol; mso-symbol-font-family: Symbol;\">\u00be<\/span><\/span><span style=\"font-size: 10pt; font-family: Verdana; mso-ansi-language: ES-TRAD;\" lang=\"ES-TRAD\">Y tengo otro, que ese s\u00ed que es&#8230; Si vienes un d\u00eda a casa te ense\u00f1o el frasquito.<\/span><\/p>\n<p class=\"MsoNormal\" style=\"margin: 0cm 0cm 0pt; text-indent: 27pt; text-align: justify;\"><span style=\"font-size: 10pt; font-family: Verdana; mso-ansi-language: ES-TRAD;\" lang=\"ES-TRAD\"><span style=\"mso-tab-count: 1;\">\u00a0 <\/span><\/span><span style=\"font-size: 10pt; font-family: Symbol; mso-ansi-language: ES-TRAD; mso-ascii-font-family: Verdana; mso-hansi-font-family: Verdana; mso-char-type: symbol; mso-symbol-font-family: Symbol;\" lang=\"ES-TRAD\"><span style=\"mso-char-type: symbol; mso-symbol-font-family: Symbol;\">\u00be<\/span><\/span><span style=\"font-size: 10pt; font-family: Verdana; mso-ansi-language: ES-TRAD;\" lang=\"ES-TRAD\">\u00bfPor qu\u00e9 no, mejor, te lo pones? <\/span><span style=\"font-size: 10pt; font-family: Symbol; mso-ansi-language: ES-TRAD; mso-ascii-font-family: Verdana; mso-hansi-font-family: Verdana; mso-char-type: symbol; mso-symbol-font-family: Symbol;\" lang=\"ES-TRAD\"><span style=\"mso-char-type: symbol; mso-symbol-font-family: Symbol;\">\u00be<\/span><\/span><span style=\"font-size: 10pt; font-family: Verdana; mso-ansi-language: ES-TRAD;\" lang=\"ES-TRAD\">calcul\u00e9 que peor que \u00e9ste no pod\u00eda ser, y trat\u00e9 de abrir una ventana a la esperanza de un cambio de efluvios en la t\u00eda Sagrario.<\/span><\/p>\n<p class=\"MsoNormal\" style=\"margin: 0cm 0cm 0pt; text-indent: 27pt; text-align: justify;\"><span style=\"font-size: 10pt; font-family: Verdana; mso-ansi-language: ES-TRAD;\" lang=\"ES-TRAD\"><span style=\"mso-tab-count: 1;\">\u00a0 <\/span><\/span><span style=\"font-size: 10pt; font-family: Symbol; mso-ansi-language: ES-TRAD; mso-ascii-font-family: Verdana; mso-hansi-font-family: Verdana; mso-char-type: symbol; mso-symbol-font-family: Symbol;\" lang=\"ES-TRAD\"><span style=\"mso-char-type: symbol; mso-symbol-font-family: Symbol;\">\u00be<\/span><\/span><span style=\"font-size: 10pt; font-family: Verdana; mso-ansi-language: ES-TRAD;\" lang=\"ES-TRAD\">\u00a1Nooooo! Es s\u00f3lo para una ocasi\u00f3n especial. \u00bfSabes c\u00f3mo se llama? Tab\u00fa <\/span><span style=\"font-size: 10pt; font-family: Symbol; mso-ansi-language: ES-TRAD; mso-ascii-font-family: Verdana; mso-hansi-font-family: Verdana; mso-char-type: symbol; mso-symbol-font-family: Symbol;\" lang=\"ES-TRAD\"><span style=\"mso-char-type: symbol; mso-symbol-font-family: Symbol;\">\u00be<\/span><\/span><span style=\"font-size: 10pt; font-family: Verdana; mso-ansi-language: ES-TRAD;\" lang=\"ES-TRAD\">baj\u00f3 la voz a\u00fan m\u00e1s como si el propio nombre fuera tambi\u00e9n un tab\u00fa a evitar.<\/span><\/p>\n<p class=\"MsoNormal\" style=\"margin: 0cm 0cm 0pt; text-indent: 27pt; text-align: justify;\"><span style=\"font-size: 10pt; font-family: Verdana; mso-ansi-language: ES-TRAD;\" lang=\"ES-TRAD\"><span style=\"mso-tab-count: 1;\">\u00a0 <\/span>Despu\u00e9s abri\u00f3 su enorme bolso y rebusc\u00f3 en el interior.<\/span><\/p>\n<p class=\"MsoNormal\" style=\"margin: 0cm 0cm 0pt; text-indent: 27pt; text-align: justify;\"><span style=\"font-size: 10pt; font-family: Verdana; mso-ansi-language: ES-TRAD;\" lang=\"ES-TRAD\"><span style=\"mso-tab-count: 1;\">\u00a0 <\/span><\/span><span style=\"font-size: 10pt; font-family: Symbol; mso-ansi-language: ES-TRAD; mso-ascii-font-family: Verdana; mso-hansi-font-family: Verdana; mso-char-type: symbol; mso-symbol-font-family: Symbol;\" lang=\"ES-TRAD\"><span style=\"mso-char-type: symbol; mso-symbol-font-family: Symbol;\">\u00be<\/span><\/span><span style=\"font-size: 10pt; font-family: Verdana; mso-ansi-language: ES-TRAD;\" lang=\"ES-TRAD\">Mira. Te he tra\u00eddo una cajita de caramelos para ti y una bolsa para tus hermanos. Toma. Rep\u00e1rtelos. No, no, no te vayas, luego se los das. Estos de caf\u00e9 con leche para ellos, que se los tomen despu\u00e9s de merendar. Y esta cajita tan linda&#8230; \u00a1mira!<\/span><\/p>\n<p class=\"MsoNormal\" style=\"margin: 0cm 0cm 0pt; text-indent: 27pt; text-align: justify;\"><span style=\"font-size: 10pt; font-family: Verdana; mso-ansi-language: ES-TRAD;\" lang=\"ES-TRAD\"><span style=\"mso-tab-count: 1;\">\u00a0 <\/span>Eran caramelos de violeta. Se me revolvi\u00f3 el est\u00f3mago solo de pensarlo.<\/span><\/p>\n<p class=\"MsoNormal\" style=\"margin: 0cm 0cm 0pt; text-indent: 27pt; text-align: justify;\"><span style=\"font-size: 10pt; font-family: Verdana; mso-ansi-language: ES-TRAD;\" lang=\"ES-TRAD\"><span style=\"mso-tab-count: 1;\">\u00a0 <\/span><\/span><span style=\"font-size: 10pt; font-family: Symbol; mso-ansi-language: ES-TRAD; mso-ascii-font-family: Verdana; mso-hansi-font-family: Verdana; mso-char-type: symbol; mso-symbol-font-family: Symbol;\" lang=\"ES-TRAD\"><span style=\"mso-char-type: symbol; mso-symbol-font-family: Symbol;\">\u00be<\/span><\/span><span style=\"font-size: 10pt; font-family: Verdana; mso-ansi-language: ES-TRAD;\" lang=\"ES-TRAD\">\u00bfTambi\u00e9n tengo que tomarlos despu\u00e9s de merendar? <\/span><span style=\"font-size: 10pt; font-family: Symbol; mso-ansi-language: ES-TRAD; mso-ascii-font-family: Verdana; mso-hansi-font-family: Verdana; mso-char-type: symbol; mso-symbol-font-family: Symbol;\" lang=\"ES-TRAD\"><span style=\"mso-char-type: symbol; mso-symbol-font-family: Symbol;\">\u00be<\/span><\/span><span style=\"font-size: 10pt; font-family: Verdana; mso-ansi-language: ES-TRAD;\" lang=\"ES-TRAD\">pens\u00e9 que la mejor soluci\u00f3n era renunciar al bocadillo con la excusa de no tener hambre; pero la t\u00eda Sagrario era mucha t\u00eda Sagrario.<\/span><\/p>\n<p class=\"MsoNormal\" style=\"margin: 0cm 0cm 0pt; text-indent: 27pt; text-align: justify;\"><span style=\"font-size: 10pt; font-family: Verdana; mso-ansi-language: ES-TRAD;\" lang=\"ES-TRAD\"><span style=\"mso-tab-count: 1;\">\u00a0 <\/span><\/span><span style=\"font-size: 10pt; font-family: Symbol; mso-ansi-language: ES-TRAD; mso-ascii-font-family: Verdana; mso-hansi-font-family: Verdana; mso-char-type: symbol; mso-symbol-font-family: Symbol;\" lang=\"ES-TRAD\"><span style=\"mso-char-type: symbol; mso-symbol-font-family: Symbol;\">\u00be<\/span><\/span><span style=\"font-size: 10pt; font-family: Verdana; mso-ansi-language: ES-TRAD;\" lang=\"ES-TRAD\">\u00a1Nooo! Son para una ocasi\u00f3n especial. Gu\u00e1rdalos para el Domingo de Ramos.<\/span><\/p>\n<p class=\"MsoNormal\" style=\"margin: 0cm 0cm 0pt; text-indent: 27pt; text-align: justify;\"><span style=\"font-size: 10pt; font-family: Verdana; mso-ansi-language: ES-TRAD;\" lang=\"ES-TRAD\">Aquello sonaba lo bastante lejano para que no tuviera que acordarme de los dichosos caramelos. Adem\u00e1s, la t\u00eda Sagrario no iba a estar el Domingo de Ramos para verme.<\/span><\/p>\n<p class=\"MsoNormal\" style=\"margin: 0cm 0cm 0pt; text-indent: 27pt; text-align: justify;\"><span style=\"font-size: 10pt; font-family: Verdana; mso-ansi-language: ES-TRAD;\" lang=\"ES-TRAD\">Bueno. Me hab\u00eda quedado sin caramelos. Casi mejor. Y para mis hermanos una bolsa entera. Pues, bueno, \u00a1que se fastidien tambi\u00e9n! Son de los blandorros, que producen tant\u00edsima saliva y tan dif\u00edciles de pelar que siempre terminas con el trocito de papel intruso nadando por la boca. \u00a1Y ver\u00e1n cuando los mastiquen y no puedan separar las muelas! Se van a enterar.<\/span><\/p>\n<p class=\"MsoNormal\" style=\"margin: 0cm 0cm 0pt; text-indent: 27pt; text-align: justify;\"><span style=\"font-size: 10pt; font-family: Verdana; mso-ansi-language: ES-TRAD;\" lang=\"ES-TRAD\">Luego, la t\u00eda Rosario me regal\u00f3 un pa\u00f1uelito con mis iniciales, que hab\u00eda bordado ella misma. Para cuando hiciera la Primera Comuni\u00f3n, dijo.<\/span><\/p>\n<p class=\"MsoNormal\" style=\"margin: 0cm 0cm 0pt; text-indent: 27pt; text-align: justify;\"><span style=\"font-size: 10pt; font-family: Verdana; mso-ansi-language: ES-TRAD;\" lang=\"ES-TRAD\"><span style=\"mso-tab-count: 1;\">\u00a0 <\/span><\/span><span style=\"font-size: 10pt; font-family: Symbol; mso-ansi-language: ES-TRAD; mso-ascii-font-family: Verdana; mso-hansi-font-family: Verdana; mso-char-type: symbol; mso-symbol-font-family: Symbol;\" lang=\"ES-TRAD\"><span style=\"mso-char-type: symbol; mso-symbol-font-family: Symbol;\">\u00be<\/span><\/span><span style=\"font-size: 10pt; font-family: Verdana; mso-ansi-language: ES-TRAD;\" lang=\"ES-TRAD\">\u00a1Uy, la Primera Comuni\u00f3n! Pero, t\u00eda, que la hice el a\u00f1o ante-ante-antepasado.<\/span><\/p>\n<p class=\"MsoNormal\" style=\"margin: 0cm 0cm 0pt; text-indent: 27pt; text-align: justify;\"><span style=\"font-size: 10pt; font-family: Verdana; mso-ansi-language: ES-TRAD;\" lang=\"ES-TRAD\"><span style=\"mso-tab-count: 1;\">\u00a0 <\/span><\/span><span style=\"font-size: 10pt; font-family: Symbol; mso-ansi-language: ES-TRAD; mso-ascii-font-family: Verdana; mso-hansi-font-family: Verdana; mso-char-type: symbol; mso-symbol-font-family: Symbol;\" lang=\"ES-TRAD\"><span style=\"mso-char-type: symbol; mso-symbol-font-family: Symbol;\">\u00be<\/span><\/span><span style=\"font-size: 10pt; font-family: Verdana; mso-ansi-language: ES-TRAD;\" lang=\"ES-TRAD\">\u00bfPero cu\u00e1ntos a\u00f1os tienes, nena?<\/span><\/p>\n<p class=\"MsoNormal\" style=\"margin: 0cm 0cm 0pt; text-indent: 27pt; text-align: justify;\"><span style=\"font-size: 10pt; font-family: Verdana; mso-ansi-language: ES-TRAD;\" lang=\"ES-TRAD\"><span style=\"mso-tab-count: 1;\">\u00a0 <\/span><\/span><span style=\"font-size: 10pt; font-family: Symbol; mso-ansi-language: ES-TRAD; mso-ascii-font-family: Verdana; mso-hansi-font-family: Verdana; mso-char-type: symbol; mso-symbol-font-family: Symbol;\" lang=\"ES-TRAD\"><span style=\"mso-char-type: symbol; mso-symbol-font-family: Symbol;\">\u00be<\/span><\/span><span style=\"font-size: 10pt; font-family: Verdana; mso-ansi-language: ES-TRAD;\" lang=\"ES-TRAD\">Casi catorce.<\/span><\/p>\n<p class=\"MsoNormal\" style=\"margin: 0cm 0cm 0pt; text-indent: 27pt; text-align: justify;\"><span style=\"font-size: 10pt; font-family: Verdana; mso-ansi-language: ES-TRAD;\" lang=\"ES-TRAD\"><span style=\"mso-tab-count: 1;\">\u00a0 <\/span><\/span><span style=\"font-size: 10pt; font-family: Symbol; mso-ansi-language: ES-TRAD; mso-ascii-font-family: Verdana; mso-hansi-font-family: Verdana; mso-char-type: symbol; mso-symbol-font-family: Symbol;\" lang=\"ES-TRAD\"><span style=\"mso-char-type: symbol; mso-symbol-font-family: Symbol;\">\u00be<\/span><\/span><span style=\"font-size: 10pt; font-family: Verdana; mso-ansi-language: ES-TRAD;\" lang=\"ES-TRAD\">\u00a1Qu\u00e9 mayor est\u00e1s! Si yo cre\u00ed que ten\u00edas ocho&#8230; Bueno, pues para cuando te cases.<\/span><\/p>\n<p class=\"MsoNormal\" style=\"margin: 0cm 0cm 0pt; text-indent: 27pt; text-align: justify;\"><span style=\"font-size: 10pt; font-family: Verdana; mso-ansi-language: ES-TRAD;\" lang=\"ES-TRAD\">Observ\u00e9 a la t\u00eda Sagrario. Los l\u00f3bulos de las orejas se hab\u00edan agrandado con el paso del tiempo y ten\u00edan el tama\u00f1o exacto para albergar las semiesferas de sus pendientes de perla, a juego con el collar. Las mejillas fl\u00e1cidas, con un pegote de <em style=\"mso-bidi-font-style: normal;\">rouge<\/em> a cada lado, se hab\u00edan descolgado de su rostro, aburridas sin duda de esperar \u00abuna ocasi\u00f3n mejor\u00bb para ser besadas por un pr\u00edncipe azul. Las cejas, sin pelo ya, eran una l\u00ednea marr\u00f3n oscuro pintada casi sin pulso. Iba repeinada de peluquer\u00eda y su vestido, de pu\u00f1os abotonados, era exacto al que llevaba en todas las fotos que hab\u00eda por casa. \u00c9ramos su \u00fanica familia. Mam\u00e1 dec\u00eda que cuando la t\u00eda Sagrario muriera todas sus joyas ser\u00edan para m\u00ed.<\/span><\/p>\n<p class=\"MsoNormal\" style=\"margin: 0cm 0cm 0pt; text-indent: 27pt; text-align: justify;\"><span style=\"font-size: 10pt; font-family: Verdana; mso-ansi-language: ES-TRAD;\" lang=\"ES-TRAD\">Y a m\u00ed no me gustaba la t\u00eda Sagrario, pero deseaba que viviera eternamente para no tener que ponerme sus pendientes y que se me agrandaran las orejas como ella. Yo s\u00f3lo quer\u00eda un arete de oro a la derecha y un papagayo a la izquierda, posado en mi hombro, que repitiera todas mis frases. \u00bfQu\u00e9 pensar\u00eda de m\u00ed, si no, el Capit\u00e1n Ahab?<\/span><\/p>\n<p class=\"MsoNormal\" style=\"margin: 0cm 0cm 0pt; text-indent: 27pt; text-align: justify;\"><span style=\"font-size: 10pt; font-family: Verdana; mso-ansi-language: ES-TRAD;\" lang=\"ES-TRAD\">Cuando termin\u00f3 la visita, Ismael dorm\u00eda a bordo del Pequod; Mam\u00e1 volvi\u00f3 a llamarme para que me despidiera, repitiendo la ceremonia de los besos. Con su mirada me dijo c\u00f3mo no deb\u00eda fruncir la nariz ni hacer aspavientos por el olor denso y envolvente de la t\u00eda. Mam\u00e1 sol\u00eda decirme que yo ya era una se\u00f1orita y que deb\u00eda aprender a <em style=\"mso-bidi-font-style: normal;\">saber estar<\/em> y dejarme de chiquiller\u00edas.<\/span><\/p>\n<p class=\"MsoNormal\" style=\"margin: 0cm 0cm 0pt; text-indent: 27pt; text-align: justify;\"><span style=\"font-size: 10pt; font-family: Verdana; mso-ansi-language: ES-TRAD;\" lang=\"ES-TRAD\">Pero ocurri\u00f3 algo violento, y esta vez, s\u00ed que no fue culpa m\u00eda.<\/span><\/p>\n<p class=\"MsoNormal\" style=\"margin: 0cm 0cm 0pt; text-indent: 27pt; text-align: justify;\"><span style=\"font-size: 10pt; font-family: Verdana; mso-ansi-language: ES-TRAD;\" lang=\"ES-TRAD\">Sentada en la butaquita de la sala, la t\u00eda se hab\u00eda hundido demasiado en el coj\u00edn para poder levantarse sin ayuda. Afianz\u00f3 en el suelo los anchos tacones y extendi\u00f3 las manos arrugadas en busca de las nuestras. Asida a m\u00ed de la mejor manera que sus dedos artr\u00edticos lo permitieron, con un audaz golpe de cadera intent\u00f3 levantarse&#8230; Su movimiento se qued\u00f3 congelado a mitad del camino. <\/span><\/p>\n<p class=\"MsoNormal\" style=\"margin: 0cm 0cm 0pt; text-indent: 27pt; text-align: justify;\"><span style=\"font-size: 10pt; font-family: Verdana; mso-ansi-language: ES-TRAD;\" lang=\"ES-TRAD\">Un crujido destemplado de entra\u00f1a oxidada nos dej\u00f3 estupefactas a las tres.<\/span><\/p>\n<p><span style=\"font-size: 10pt; font-family: Verdana; mso-fareast-font-family: 'Times New Roman'; mso-bidi-font-family: 'Times New Roman'; mso-ansi-language: ES-TRAD; mso-fareast-language: ES; mso-bidi-language: AR-SA;\" lang=\"ES-TRAD\">El color huy\u00f3 hasta del rubor postizo del rostro de la t\u00eda Sagrario. Yo tuve que morderme los labios para que no se me escapara la risa. Mam\u00e1 no sab\u00eda ad\u00f3nde mirar ni, por primera vez en su vida, qu\u00e9 decir. Al fin, carraspe\u00f3 y las tres continuamos como si nada hubiera ocurrido, a\u00fan algo torpes y confundidas. Fue algo doblemente ins\u00f3lito. Primero, por la edad de la t\u00eda Sagrario; y tambi\u00e9n por el indisimulable sonido que lo acompa\u00f1\u00f3. Pero el hecho cierto fue que, debido sin duda al esfuerzo por levantarse, el himen se le desgarr\u00f3 de manera irreversible y definitiva, calcul\u00e9 que produciendo gran sentimiento de p\u00e9rdida en la pobre t\u00eda Sagrario que lo hab\u00eda<span style=\"mso-spacerun: yes;\">\u00a0 <\/span>preservado durante m\u00e1s de setenta a\u00f1os a la espera de una mejor ocasi\u00f3n para estrenarlo.<\/span><\/p>\n","protected":false},"excerpt":{"rendered":"<p>\u00be \u00a1Nena! Ven a darle dos besos a la t\u00eda Sagrario. Detestaba que me llamaran nena como si todav\u00eda fuera una ni\u00f1a peque\u00f1a. Detestaba tener que saltar a tierra firme y dejar a Ismael hab\u00e9rselas solo con Moby Dick.<\/p>\n<p> <a class=\"continue-reading-link\" href=\"https:\/\/www.canal-literatura.es\/6certamen\/?p=933\"><span>Continuar leyendo<\/span><i class=\"crycon-right-dir\"><\/i><\/a> <\/p>\n","protected":false},"author":1,"featured_media":0,"comment_status":"open","ping_status":"open","sticky":false,"template":"","format":"standard","meta":[],"categories":[3],"tags":[],"amp_enabled":true,"_links":{"self":[{"href":"https:\/\/www.canal-literatura.es\/6certamen\/index.php?rest_route=\/wp\/v2\/posts\/933"}],"collection":[{"href":"https:\/\/www.canal-literatura.es\/6certamen\/index.php?rest_route=\/wp\/v2\/posts"}],"about":[{"href":"https:\/\/www.canal-literatura.es\/6certamen\/index.php?rest_route=\/wp\/v2\/types\/post"}],"author":[{"embeddable":true,"href":"https:\/\/www.canal-literatura.es\/6certamen\/index.php?rest_route=\/wp\/v2\/users\/1"}],"replies":[{"embeddable":true,"href":"https:\/\/www.canal-literatura.es\/6certamen\/index.php?rest_route=%2Fwp%2Fv2%2Fcomments&post=933"}],"version-history":[{"count":0,"href":"https:\/\/www.canal-literatura.es\/6certamen\/index.php?rest_route=\/wp\/v2\/posts\/933\/revisions"}],"wp:attachment":[{"href":"https:\/\/www.canal-literatura.es\/6certamen\/index.php?rest_route=%2Fwp%2Fv2%2Fmedia&parent=933"}],"wp:term":[{"taxonomy":"category","embeddable":true,"href":"https:\/\/www.canal-literatura.es\/6certamen\/index.php?rest_route=%2Fwp%2Fv2%2Fcategories&post=933"},{"taxonomy":"post_tag","embeddable":true,"href":"https:\/\/www.canal-literatura.es\/6certamen\/index.php?rest_route=%2Fwp%2Fv2%2Ftags&post=933"}],"curies":[{"name":"wp","href":"https:\/\/api.w.org\/{rel}","templated":true}]}}