{"id":1043,"date":"2010-07-06T01:37:09","date_gmt":"2010-07-05T23:37:09","guid":{"rendered":"https:\/\/www.canal-literatura.es\/7certamen\/?p=1043"},"modified":"2010-07-06T09:56:41","modified_gmt":"2010-07-06T07:56:41","slug":"cerrada-la-votacion-al-publico-general-comienza-la-segunda-fase","status":"publish","type":"post","link":"https:\/\/www.canal-literatura.es\/7certamen\/?p=1043","title":{"rendered":"Cerrada la votaci\u00f3n al P\u00fablico General, comienza la segunda Fase."},"content":{"rendered":"<h2>VOTACI\u00d3N DEL P\u00daBLICO<\/h2>\n<h2><span style=\"color: #ff0000;\">Segunda fase:<\/span><\/h2>\n<p><em><span style=\"color: #800000;\">La\u00a0votaci\u00f3n de los concursantes en la segunda ronda <strong>se har\u00e1\u00a0 desde el d\u00eda\u00a06\u00a0<\/strong>\u00a0 <strong>hasta el 20 de Julio<\/strong> y el ganador se publicar\u00e1 el mismo d\u00eda que los\u00a0 finalistas del certamen apr\u00f3ximadamente <strong>en torno al\u00a0 25 de julio.<\/strong><\/span><\/em><\/p>\n<p><strong>1<\/strong>-A esta segunda fase pasar\u00e1n los diez relatos m\u00e1s votados por el p\u00fablico \u00a0general en la primera fase que se publicar\u00e1 ma\u00f1ana d\u00eda 6.<\/p>\n<p><strong>2<\/strong>-Siguiendo el criterio y las indicaciones de los concursantes de anteriores cert\u00e1menes, y tal como se hizo en el V Certamen de poemas,\u00a0se ha creado una\u00a0 segunda fase \u00a0para que sean los <strong>concursantes que participan<\/strong> los que finalmente otorguen el Premio Especial del p\u00fablico entre los\u00a0<strong>diez finalistas elegidos por el p\u00fablico general.<\/strong><\/p>\n<p><strong>Forma de votaci\u00f3n<\/strong><\/p>\n<p><strong>3<\/strong>&#8211; Esta votaci\u00f3n se realizar\u00e1 mediante un comentario realizado con el\u00a0<span style=\"color: #000000;\"><strong>seud\u00f3nimo oficial<\/strong>\u00a0del concursante y el\u00a0<strong>correo electr\u00f3nico<\/strong><\/span><strong>\u00a0<\/strong>que utiliz\u00f3 para enviar su documentaci\u00f3n al certamen.<\/p>\n<p><strong>4<\/strong>&#8211; En el relato elegido se dejar\u00e1 un comentario con el siguiente texto:\u00a0<span style=\"color: #ff0000;\"><strong>Voto por este relato.<\/strong><br \/>\n<\/span>Cada concursante podr\u00e1 votar un\u00a0poema finalista,\u00a0 excepto el suyo si se encuentra entre ellos.<\/p>\n<p><strong>5<\/strong>-El relato m\u00e1s votado por los concursantes, ser\u00e1 el\u00a0<strong>ganador del Premio Especial del P\u00fablico 2010<\/strong><\/p>\n<p><strong>Rogamos a todos los concursantes que procuren participar en la segunda fase.<\/strong><\/p>\n","protected":false},"excerpt":{"rendered":"<p>VOTACI\u00d3N DEL P\u00daBLICO Segunda fase: La\u00a0votaci\u00f3n de los concursantes en la segunda ronda se har\u00e1\u00a0 desde el d\u00eda\u00a06\u00a0\u00a0 hasta el 20 de Julio y el ganador se publicar\u00e1 el mismo d\u00eda que los\u00a0 finalistas del certamen apr\u00f3ximadamente en torno al\u00a0 25 de julio. 1-A esta segunda fase pasar\u00e1n los diez relatos m\u00e1s votados por el [&hellip;]<\/p>\n","protected":false},"author":1,"featured_media":0,"comment_status":"open","ping_status":"open","sticky":false,"template":"","format":"standard","meta":[],"categories":[1],"tags":[],"amp_enabled":true,"_links":{"self":[{"href":"https:\/\/www.canal-literatura.es\/7certamen\/index.php?rest_route=\/wp\/v2\/posts\/1043"}],"collection":[{"href":"https:\/\/www.canal-literatura.es\/7certamen\/index.php?rest_route=\/wp\/v2\/posts"}],"about":[{"href":"https:\/\/www.canal-literatura.es\/7certamen\/index.php?rest_route=\/wp\/v2\/types\/post"}],"author":[{"embeddable":true,"href":"https:\/\/www.canal-literatura.es\/7certamen\/index.php?rest_route=\/wp\/v2\/users\/1"}],"replies":[{"embeddable":true,"href":"https:\/\/www.canal-literatura.es\/7certamen\/index.php?rest_route=%2Fwp%2Fv2%2Fcomments&post=1043"}],"version-history":[{"count":0,"href":"https:\/\/www.canal-literatura.es\/7certamen\/index.php?rest_route=\/wp\/v2\/posts\/1043\/revisions"}],"wp:attachment":[{"href":"https:\/\/www.canal-literatura.es\/7certamen\/index.php?rest_route=%2Fwp%2Fv2%2Fmedia&parent=1043"}],"wp:term":[{"taxonomy":"category","embeddable":true,"href":"https:\/\/www.canal-literatura.es\/7certamen\/index.php?rest_route=%2Fwp%2Fv2%2Fcategories&post=1043"},{"taxonomy":"post_tag","embeddable":true,"href":"https:\/\/www.canal-literatura.es\/7certamen\/index.php?rest_route=%2Fwp%2Fv2%2Ftags&post=1043"}],"curies":[{"name":"wp","href":"https:\/\/api.w.org\/{rel}","templated":true}]}}