{"id":1081,"date":"2010-07-25T10:20:59","date_gmt":"2010-07-25T08:20:59","guid":{"rendered":"https:\/\/www.canal-literatura.es\/7certamen\/?p=1081"},"modified":"2010-07-25T23:10:45","modified_gmt":"2010-07-25T21:10:45","slug":"finalistas-del-vii-certamen-de-narrativa-breve-2010","status":"publish","type":"post","link":"https:\/\/www.canal-literatura.es\/7certamen\/?p=1081","title":{"rendered":"Finalistas del VII Certamen de Narrativa Breve 2010"},"content":{"rendered":"<p>Entre los 280 relatos enviados a concurso los diez seleccionados para pasar a la final de la que saldr\u00e1 n los tres ganadores y que decidir\u00e1 el jurado compuesto por <strong>Jos\u00e9 Belmonte Serrano, Pau P\u00e9rez L\u00f3pez, Ana M\u00aa Tom\u00e1s Olivares <\/strong>y la presidenta <strong>Laura Borr\u00e0s<\/strong>, son los relacionados m\u00e1s abajo.<br \/>\n<a href=\"https:\/\/www.canal-literatura.es\/htmltonuke.php?filnavn=kddpeque2010.html\" target=\"new\"><img decoding=\"async\" src=\"https:\/\/www.canal-literatura.es\/7certamen\/banner\/trodeoscanal-literatura.jpg\" border=\"0\" alt=\"\" hspace=\"10\" width=\"200\" align=\"right\" \/><\/a><\/p>\n<p><strong>27- El vecino del quinto. Por RobertaB<br \/>\n33- Bajo al Super. Por Safo<br \/>\n86- El primer d\u00eda de mi nueva vida. Por Edward Teach<br \/>\n93- Seis balas. Por Hara Kei<br \/>\n115- El Mirto. Por Radiquero<br \/>\n136- Isla Barcelona. Por Alvaro Andr\u00e9s<br \/>\n169- Reflejos Opacos. Por Dorotea Reyes<br \/>\n181-Laburo, nom\u00e1s. Por Alba Longa<br \/>\n207- Cada ma\u00f1ana. Por Fern\u00e1n Caballero<br \/>\n261- Cartas desde Par\u00eds. Por Violeta<\/strong><\/p>\n<p>A todos ellos se les mandar\u00e1 un e-mail comunic\u00e1ndoles su selecci\u00f3n y los textos originales, escritos tal y como los mandaron sus autores, ser\u00e1n enviados al jurado que el d\u00eda 4 de septiembre elegir\u00e1 a los tres ganadores.<br \/>\nCerrada la votaci\u00f3n del P\u00fablico, ha resultado ganador de este Premio especial que otorgan los lectores y concursantes del certamen, al relato <strong>93- Seis balas. Por Hara Kei<\/strong> que tambi\u00e9n ha resultado finalista para el premio del jurado.<\/p>\n<p>Enhorabuena a los 10 finalistas y al Ganador del Premio Especial del P\u00fablico. Desde aqu\u00ed agradecer a todos su ilusi\u00f3n por participar, comentar y sugerir. Los trofeos ya est\u00e1n preparados para ser entregados a los triunfadores, tanto del cerrtamen de Narrativa como del certamen de Poemas.<br \/>\nLo m\u00e1s importante: <strong>Gracias a todos los concursantes por dejarnos leer vuestras historias.<\/strong><\/p>\n","protected":false},"excerpt":{"rendered":"<p>Entre los 280 relatos enviados a concurso los diez seleccionados para pasar a la final de la que saldr\u00e1 n los tres ganadores y que decidir\u00e1 el jurado compuesto por Jos\u00e9 Belmonte Serrano, Pau P\u00e9rez L\u00f3pez, Ana M\u00aa Tom\u00e1s Olivares y la presidenta Laura Borr\u00e0s, son los relacionados m\u00e1s abajo. 27- El vecino del quinto. [&hellip;]<\/p>\n","protected":false},"author":1,"featured_media":0,"comment_status":"open","ping_status":"open","sticky":false,"template":"","format":"standard","meta":[],"categories":[1],"tags":[],"amp_enabled":true,"_links":{"self":[{"href":"https:\/\/www.canal-literatura.es\/7certamen\/index.php?rest_route=\/wp\/v2\/posts\/1081"}],"collection":[{"href":"https:\/\/www.canal-literatura.es\/7certamen\/index.php?rest_route=\/wp\/v2\/posts"}],"about":[{"href":"https:\/\/www.canal-literatura.es\/7certamen\/index.php?rest_route=\/wp\/v2\/types\/post"}],"author":[{"embeddable":true,"href":"https:\/\/www.canal-literatura.es\/7certamen\/index.php?rest_route=\/wp\/v2\/users\/1"}],"replies":[{"embeddable":true,"href":"https:\/\/www.canal-literatura.es\/7certamen\/index.php?rest_route=%2Fwp%2Fv2%2Fcomments&post=1081"}],"version-history":[{"count":0,"href":"https:\/\/www.canal-literatura.es\/7certamen\/index.php?rest_route=\/wp\/v2\/posts\/1081\/revisions"}],"wp:attachment":[{"href":"https:\/\/www.canal-literatura.es\/7certamen\/index.php?rest_route=%2Fwp%2Fv2%2Fmedia&parent=1081"}],"wp:term":[{"taxonomy":"category","embeddable":true,"href":"https:\/\/www.canal-literatura.es\/7certamen\/index.php?rest_route=%2Fwp%2Fv2%2Fcategories&post=1081"},{"taxonomy":"post_tag","embeddable":true,"href":"https:\/\/www.canal-literatura.es\/7certamen\/index.php?rest_route=%2Fwp%2Fv2%2Ftags&post=1081"}],"curies":[{"name":"wp","href":"https:\/\/api.w.org\/{rel}","templated":true}]}}