{"id":1096,"date":"2010-08-05T12:54:36","date_gmt":"2010-08-05T10:54:36","guid":{"rendered":"https:\/\/www.canal-literatura.es\/7certamen\/?p=1096"},"modified":"2010-08-05T12:56:29","modified_gmt":"2010-08-05T10:56:29","slug":"los-comentaristas-mas-destacados-del-certamen","status":"publish","type":"post","link":"https:\/\/www.canal-literatura.es\/7certamen\/?p=1096","title":{"rendered":"Los comentaristas m\u00e1s destacados del certamen."},"content":{"rendered":"<p>Queremos dejaros los rostros y las opiniones de los comentaristas m\u00e1s destacados de este VII Certamen de Narrativa Breve, parte importante de cada edici\u00f3n, una aportaci\u00f3n muy estimable que requiere sin duda de esfuerzo, tiempo y \u00e1nimo.\u00a0\u00a0Si qu\u00e9r\u00e9is elegir uno entre ellos como el mejor, pod\u00e9is votar con un comentario <strong>en esta entrada,<\/strong> con el mail y seud\u00f3nimo de concursante, poniendo \u00bb VOTO POR\u00a0&#8230;.\u00bb.<\/p>\n<p style=\"text-align: center;\"><a href=\"https:\/\/www.canal-literatura.es\/htmltonuke.php?filnavn=Cosas_nuestras\/comentaristas2010-VII.html\" target=\"_blank\"><img decoding=\"async\" class=\"aligncenter\" src=\"https:\/\/www.canal-literatura.es\/Cosas_nuestras\/comentaristas.jpg\" border=\"0\" alt=\"\" width=\"300\" \/><\/a>\u00a0\u00a0<\/p>\n<p>Cada a\u00f1o, el nivel de los comentarios ha ido subiendo, siendo concretamente en este a\u00f1o 2010 cuando los comentarios han llegado a merecer la atenci\u00f3n de todos, tanto o m\u00e1s que los propios textos concursantes. Por eso la <strong>Asociaci\u00f3n Canal Literatura<\/strong> ha querido, al igual que otros a\u00f1os, destacar esta labor proponiendo al resto de concursantes su implicaci\u00f3n para otorgar un peque\u00f1o reconocimiento a aquellos que m\u00e1s comentarios han dejado y tambi\u00e9n a los que han dejado su impronta con un estilo propio.\u00a0<\/p>\n<p>Queremos desde aqu\u00ed\u00a0 agradecer <strong>a todos y cada uno de los concursantes y comentaristas<\/strong> su aportaci\u00f3n a esta edici\u00f3n que ha resultado gratamente enriquecedora.\u00a0<\/p>\n<p>Tambi\u00e9n invitaros a todos a la <a href=\"https:\/\/www.canal-literatura.es\/htmltonuke.php?filnavn=kddpeque2010.html\" target=\"_blank\">entrega de premios que se celebrar\u00e1 en Murcia el 4 de septiembre <\/a>de 2010, d\u00f3nde cada a\u00f1o compartimos presencialmente todas las aventuras que durante meses se han vivido en la web del certamen y conocemos a los\u00a0 finalistas y ganadores de la edici\u00f3n.<\/p>\n<h1 style=\"text-align: center;\">\u00a0\u00a1\u00a1Gracias a Todos!!<\/h1>\n<p>Pudes acceder a las entrevistas y toda la informaci\u00f3n\u00a0 sobre relatos m\u00e1s visitados, comentarios realizados y datos de este dertamen pinchando en la imagen.<\/p>\n","protected":false},"excerpt":{"rendered":"<p>Queremos dejaros los rostros y las opiniones de los comentaristas m\u00e1s destacados de este VII Certamen de Narrativa Breve, parte importante de cada edici\u00f3n, una aportaci\u00f3n muy estimable que requiere sin duda de esfuerzo, tiempo y \u00e1nimo.\u00a0\u00a0Si qu\u00e9r\u00e9is elegir uno entre ellos como el mejor, pod\u00e9is votar con un comentario en esta entrada, con el [&hellip;]<\/p>\n","protected":false},"author":1,"featured_media":0,"comment_status":"open","ping_status":"open","sticky":false,"template":"","format":"standard","meta":[],"categories":[1],"tags":[],"amp_enabled":true,"_links":{"self":[{"href":"https:\/\/www.canal-literatura.es\/7certamen\/index.php?rest_route=\/wp\/v2\/posts\/1096"}],"collection":[{"href":"https:\/\/www.canal-literatura.es\/7certamen\/index.php?rest_route=\/wp\/v2\/posts"}],"about":[{"href":"https:\/\/www.canal-literatura.es\/7certamen\/index.php?rest_route=\/wp\/v2\/types\/post"}],"author":[{"embeddable":true,"href":"https:\/\/www.canal-literatura.es\/7certamen\/index.php?rest_route=\/wp\/v2\/users\/1"}],"replies":[{"embeddable":true,"href":"https:\/\/www.canal-literatura.es\/7certamen\/index.php?rest_route=%2Fwp%2Fv2%2Fcomments&post=1096"}],"version-history":[{"count":0,"href":"https:\/\/www.canal-literatura.es\/7certamen\/index.php?rest_route=\/wp\/v2\/posts\/1096\/revisions"}],"wp:attachment":[{"href":"https:\/\/www.canal-literatura.es\/7certamen\/index.php?rest_route=%2Fwp%2Fv2%2Fmedia&parent=1096"}],"wp:term":[{"taxonomy":"category","embeddable":true,"href":"https:\/\/www.canal-literatura.es\/7certamen\/index.php?rest_route=%2Fwp%2Fv2%2Fcategories&post=1096"},{"taxonomy":"post_tag","embeddable":true,"href":"https:\/\/www.canal-literatura.es\/7certamen\/index.php?rest_route=%2Fwp%2Fv2%2Ftags&post=1096"}],"curies":[{"name":"wp","href":"https:\/\/api.w.org\/{rel}","templated":true}]}}