{"id":1118,"date":"2010-09-04T10:07:40","date_gmt":"2010-09-04T08:07:40","guid":{"rendered":"https:\/\/www.canal-literatura.es\/7certamen\/?p=1118"},"modified":"2016-02-28T23:06:17","modified_gmt":"2016-02-28T21:06:17","slug":"esta-noche-entrega-de-premios-anual-del-canal-literatura","status":"publish","type":"post","link":"https:\/\/www.canal-literatura.es\/7certamen\/?p=1118","title":{"rendered":"Esta noche entrega de premios anual del Canal Literatura"},"content":{"rendered":"<p style=\"text-align: left;\">Como cada a\u00f1o ya est\u00e1n preparados los diplomas para todos aquellos finalistas que vengan a reogerlos, as\u00ed como los trofeos que se enviar\u00e1n a los ganadores de cada premio de narrativa o de poemas.<br \/>\nLa entrega de premios de Canal Literatura pretende ser un encuentro festivo en el que se celebra el trabajo literario que durante todo el a\u00f1o desarrollamos desde esta web y, conscientes del esfuerzo voluntario que supone para todos,participantes, colaboradores, jurados, grupos de lectura, webmaster, etc&#8230; hemos preparado algunos regalos que nos brindan empresas murcianas para que todos se lleven un bonito recuerdo de este encuentro.<\/p>\n<p style=\"text-align: left;\">\n<a href=\"https:\/\/www.canal-literatura.es\/htmltonuke.php?filnavn=finalistas7.html\" target=\"new\"><img decoding=\"async\" src=\"https:\/\/www.canal-literatura.es\/Noticias\/diplomaVIINarrativa.jpg\" alt=\"\" width=\"300\" border=\"0\" \/> <\/a>&#8212;-<a href=\"https:\/\/www.canal-literatura.es\/htmltonuke.php?filnavn=Apoesia5\/Finalistas\/finalistasPoemassinrostro2009-2010.html\" target=\"new\"> <img decoding=\"async\" src=\"https:\/\/www.canal-literatura.es\/Noticias\/diplomaVpoemas.jpg\" alt=\"\" width=\"300\" border=\"0\" \/><\/a><\/p>\n<p style=\"text-align: left;\">\n<img decoding=\"async\" class=\"alignleft\" style=\"border: 0px;\" src=\"https:\/\/www.canal-literatura.es\/marcapaginasVII-2010.jpg\" alt=\"\" width=\"100\" border=\"0\" \/>&#8212;-<img decoding=\"async\" class=\"alignright\" style=\"border: 0px;\" src=\"https:\/\/www.canal-literatura.es\/Noticias\/camistasazules2010.jpg\" alt=\"\" width=\"300\" border=\"0\" \/><\/p>\n<p style=\"text-align: justify;\">Camisetas ,(cortes\u00eda de Impexpubliregalo.com), marcap\u00e1ginas, libros, figuras sujeta-libros de metal, UN MP4 (cortes\u00eda de C\u00e1novas Electrodom\u00e9sticos) y algunos detalles m\u00e1s se entregar\u00e1n o sortearan en el trascurso de la noche.<\/p>\n<p style=\"text-align: justify;\">\nLa entrega de premios ser\u00e1 presentada por los j\u00f3venes <strong>Pilar Pecci y Daniele Branchina <\/strong>que es adem\u00e1s el dise\u00f1ador de la mascota del canal (triangulo TRY),ayudados por <strong>Gloria Garc\u00eda.<\/strong><br \/>\nAsistir\u00e1n <strong>Francisco Gim\u00e9nez Gracia<\/strong>, Director General del Libro, archivos y Bibliotecas de la Regi\u00f3n de Murcia, Miembros de los distintos jurados como <strong>Jos\u00e9 Belmonte, Antonia \u00c1lvarez<\/strong>, que llegar\u00e1 el viernes desde Gij\u00f3n, <strong>Ana M\u00aa Tom\u00e1s <\/strong>y la presidenta de jurado de narrativa <strong>Laura Borr\u00e0s <\/strong>que llegar\u00e1 desde Barcelona el s\u00e1bado por la ma\u00f1ana.<\/p>\n<p style=\"text-align: justify;\">\n<strong>El viernes realizaremos las pruebas para poder retrasmitir la entrega en directo a internet, si esta fuera posible, os dejaremos los detalles en esta p\u00e1gina para poder conectaros en directo.<br \/>\n\u00a1Nos vemos el s\u00e1bado noche!<\/strong> <a href=\"https:\/\/www.laverdad.es\/murcia\/v\/20100904\/cultura\/entrega-premios-canal-literatura-20100904.html\" target=\"new\"><img decoding=\"async\" src=\"https:\/\/www.canal-literatura.es\/themes\/3D-Fantasy\/images\/header\/logo_laverdad.gif\" alt=\"\" width=\"171\" border=\"0\" \/>Ver la noticia en LaVerdad.es<\/a><\/p>\n","protected":false},"excerpt":{"rendered":"<p>Como cada a\u00f1o ya est\u00e1n preparados los diplomas para todos aquellos finalistas que vengan a reogerlos, as\u00ed como los trofeos que se enviar\u00e1n a los ganadores de cada premio de narrativa o de poemas. La entrega de premios de Canal Literatura pretende ser un encuentro festivo en el que se celebra el trabajo literario que [&hellip;]<\/p>\n","protected":false},"author":1,"featured_media":0,"comment_status":"open","ping_status":"open","sticky":false,"template":"","format":"standard","meta":[],"categories":[1],"tags":[],"amp_enabled":true,"_links":{"self":[{"href":"https:\/\/www.canal-literatura.es\/7certamen\/index.php?rest_route=\/wp\/v2\/posts\/1118"}],"collection":[{"href":"https:\/\/www.canal-literatura.es\/7certamen\/index.php?rest_route=\/wp\/v2\/posts"}],"about":[{"href":"https:\/\/www.canal-literatura.es\/7certamen\/index.php?rest_route=\/wp\/v2\/types\/post"}],"author":[{"embeddable":true,"href":"https:\/\/www.canal-literatura.es\/7certamen\/index.php?rest_route=\/wp\/v2\/users\/1"}],"replies":[{"embeddable":true,"href":"https:\/\/www.canal-literatura.es\/7certamen\/index.php?rest_route=%2Fwp%2Fv2%2Fcomments&post=1118"}],"version-history":[{"count":0,"href":"https:\/\/www.canal-literatura.es\/7certamen\/index.php?rest_route=\/wp\/v2\/posts\/1118\/revisions"}],"wp:attachment":[{"href":"https:\/\/www.canal-literatura.es\/7certamen\/index.php?rest_route=%2Fwp%2Fv2%2Fmedia&parent=1118"}],"wp:term":[{"taxonomy":"category","embeddable":true,"href":"https:\/\/www.canal-literatura.es\/7certamen\/index.php?rest_route=%2Fwp%2Fv2%2Fcategories&post=1118"},{"taxonomy":"post_tag","embeddable":true,"href":"https:\/\/www.canal-literatura.es\/7certamen\/index.php?rest_route=%2Fwp%2Fv2%2Ftags&post=1118"}],"curies":[{"name":"wp","href":"https:\/\/api.w.org\/{rel}","templated":true}]}}