{"id":403,"date":"2010-05-10T12:36:05","date_gmt":"2010-05-10T10:36:05","guid":{"rendered":"https:\/\/www.canal-literatura.es\/7certamen\/?p=403"},"modified":"2010-07-25T10:41:34","modified_gmt":"2010-07-25T08:41:34","slug":"86-el-primer-dia-de-mi-nueva-vida-por-edward-teach","status":"publish","type":"post","link":"https:\/\/www.canal-literatura.es\/7certamen\/?p=403","title":{"rendered":"86- El primer d\u00eda de mi nueva vida. Por Edward Teach"},"content":{"rendered":"<p><strong>D\u00eda sesenta y dos en el infierno<\/strong><\/p>\n<p>Es in\u00fatil pedirle a un r\u00edo que se detenga; lo mejor es aprender a navegar siguiendo el sentido de la corriente. (An\u00f3nimo)<!--more--><\/p>\n<p>S\u00e1bado 14 de julio de 2007:\u00a0<\/p>\n<p>Es un alivio empezar a distinguir los objetos en la penumbra de la habitaci\u00f3n despu\u00e9s de otra noche en vela; el primer indicio de que por fin \u00e9sta se acaba. No estoy seguro de si me siento m\u00e1s deprimido que frustrado pero en cualquier caso esos sentimientos canalizan mis recuerdos hacia los acontecimientos que, desde hace apenas dos meses, me han cambiado para siempre la vida. De hecho, sorprendentemente, tengo la sensaci\u00f3n de que los treinta a\u00f1os anteriores de mi existencia son algo que queda lejos, muy lejos. Obsesivamente regreso al d\u00eda en que me comunicaron el diagn\u00f3stico; diagn\u00f3stico que no alcanc\u00e9 a comprender en un principio: \u201cEsclerosis lateral amiotr\u00f3fica\u201d, me dijo, y me fui hundiendo en la mayor de las miserias a medida que el Doctor Tom\u00e1s me describ\u00eda el futuro:<\/p>\n<p style=\"padding-left: 30px;\">&#8211;\u00a0\u00a0\u00a0\u00a0\u00a0\u00a0\u00a0\u00a0 La desmielinizaci\u00f3n de los axones del sistema neuromotor, en la zona lateral de la m\u00e9dula espinal&#8230;<\/p>\n<p style=\"padding-left: 30px;\">&#8211;\u00a0\u00a0\u00a0\u00a0\u00a0\u00a0\u00a0\u00a0 Por favor, al grano \u2013 dije yo.<\/p>\n<p style=\"padding-left: 30px;\">&#8211;\u00a0\u00a0\u00a0\u00a0\u00a0\u00a0\u00a0\u00a0 Perder\u00e1 progresivamente el control muscular; notar\u00e1 un agarrotamiento que puede tener una mayor incidencia en algunas partes del cuerpo; con el tiempo tendr\u00e1 dificultades al hablar hasta que se ver\u00e1 imposibilitado para hacerlo aunque mantendr\u00e1 todas sus facultades intelectuales. Es una enfermedad progresiva y, de momento, no se saben las causas y no existe tratamiento curativo.<\/p>\n<p style=\"padding-left: 30px;\">&#8211;\u00a0\u00a0\u00a0\u00a0\u00a0\u00a0\u00a0\u00a0 Es la enfermedad de Stephen Hawking, el famoso cient\u00edfico \u2013 me dijo con una amable sonrisa su ayudante.<\/p>\n<p style=\"padding-left: 30px;\">\u00a0<\/p>\n<p>Y lo dijo como si aquello debiera alegrarme el d\u00eda o, al menos, hacerlo menos penoso. \u00bfEra posible ser tan imb\u00e9cil? Mi t\u00eda Francisca, la hermana de mi padre, le iba a la zaga: en la semana siguiente le escuch\u00e9 repetirlo tres veces hablando por tel\u00e9fono. Tuve la sensaci\u00f3n de que cre\u00eda a pies juntillas que eso me iba a permitir publicar un exitoso tratado cient\u00edfico sobre astrof\u00edsica.<\/p>\n<p>El desastre me hab\u00eda pillado en el momento m\u00e1s importante de mi vida; a punto de consolidar mi puesto como ingeniero en Ecot\u00e9cnica, empresa dedicada a la investigaci\u00f3n y dise\u00f1o de sistemas de energ\u00eda alternativa. Mi proyecto de investigaci\u00f3n sobre condensaci\u00f3n de la energ\u00eda fotovoltaica hab\u00eda impresionado al departamento de tecnolog\u00eda y la probabilidad de quedarme fijo en la empresa hab\u00eda sido, hasta el momento de tomar conciencia del problema, algo poco menos que indiscutible. Ahora la perspectiva de tener un ingeniero en plantilla, que deber\u00eda tratar con clientes importantes, y con una apariencia cada vez m\u00e1s cercana a la de un retrasado mental echaba por tierra todas mis esperanzas. No me lo hab\u00edan dicho expl\u00edcitamente pero el trato, sin dejar de ser correcto, hab\u00eda variado sensiblemente. La empresa ten\u00eda que decidir entre dos candidatos para cubrir definitivamente el puesto en Barcelona y se o\u00edan grandes elogios hacia mi \u201crival\u201d; curiosamente, estoy seguro de ello, eran los mismos que me dedicaban a m\u00ed no hac\u00eda tanto tiempo.<\/p>\n<p>Qu\u00e9 feliz me sent\u00ed el d\u00eda en que comuniqu\u00e9 a la familia los elogios que me hab\u00edan dedicado por mi trabajo de investigaci\u00f3n. Mis padres no pudieron reprimir unas l\u00e1grimas de felicidad cuando les expliqu\u00e9 la reacci\u00f3n de los directivos que iban a contratarme. Yo mismo dej\u00e9 caer algunas al compartir el momento y&#8230; qu\u00e9 diferente hab\u00eda sido el trato que hab\u00eda recibido, por parte de esos mismos personajes, semanas atr\u00e1s cuando les comuniqu\u00e9 que esos frecuentes tropiezos y objetos que se me ca\u00edan era algo m\u00e1s serio que simple torpeza. Don Alfonso, director de contrataci\u00f3n, el cual me hab\u00eda augurado un futuro prometedor en \u201c\u00e9sta tu nueva familia\u201d, ahora, al mirarme, parec\u00eda observar una cagada de perro en medio de un verde y cuidado c\u00e9sped.\u00a0<\/p>\n<p>La claridad ya me permite ver sin dificultad todo el entorno, deben de ser cerca de las siete de la ma\u00f1ana.<\/p>\n<p>Me viene a la mente el recuerdo, debe hacer una eternidad, de los ir\u00f3nicos intentos de mi padre insinuando que ya era hora de \u201cechar el vuelo\u201d:\u00a0<\/p>\n<p style=\"padding-left: 30px;\">&#8211;\u00a0\u00a0\u00a0\u00a0\u00a0\u00a0\u00a0\u00a0 Con treinta a\u00f1os ya deber\u00edas tener \u201cun nido propio\u201d \u2013 me dec\u00eda en broma.<\/p>\n<p style=\"padding-left: 30px;\">&#8211;\u00a0\u00a0\u00a0\u00a0\u00a0\u00a0\u00a0\u00a0 \u00a1Vive con tus padres hasta que te puedan mantener tus hijos! \u2013 sentenciaba yo.\u00a0<\/p>\n<p>Yo sab\u00eda que, en realidad, el d\u00eda que abandonara el hogar ser\u00eda muy traum\u00e1tico para toda la familia. Est\u00e1bamos muy unidos pero toda esa alegr\u00eda familiar se hab\u00eda esfumado dando paso a una retah\u00edla de malos actores esforz\u00e1ndose en aparentar que todo iba bien. \u00a1Cu\u00e1nta energ\u00eda deber\u00e1 invertir mi madre en componer una sonrisa! Yo mismo, ocasionalmente, intento bromear para que todo sea m\u00e1s llevadero para todo el mundo:\u00a0<\/p>\n<p style=\"padding-left: 30px;\">&#8211;\u00a0\u00a0\u00a0\u00a0\u00a0\u00a0\u00a0\u00a0 Mirad, por fin encontr\u00e9 la forma de quedarme en casa. Al final esta enfermedad ser\u00e1 rentable para un vago irrecuperable \u2013 dije en una ocasi\u00f3n.<\/p>\n<p style=\"padding-left: 30px;\">&#8211;\u00a0\u00a0\u00a0\u00a0\u00a0\u00a0\u00a0\u00a0 Que te quedes es una buena noticia \u2013 respondi\u00f3 mi padre \u2013 pero si en esa empresa no son est\u00fapidos, contratar\u00e1n al m\u00e1s brillante de los ingenieros que dio la Aut\u00f3noma de Barcelona, y si no te contratan, es que no vale la pena trabajar y producir para una pandilla de descerebrados.\u00a0<\/p>\n<p>A pesar de estar en pleno quince de agosto, necesito cubrirme con la s\u00e1bana. S\u00f3lo consigo cogerla con firmeza al tercer intento; por las ma\u00f1anas soy m\u00e1s torpe y coordino peor. Al abrigo de la fina tela siento un breve bienestar que da paso al doloroso recuerdo de Marina, mi novia, que me produce un nudo en la garganta. La quer\u00eda tanto que tuve que dejarla. \u00bfC\u00f3mo condenarla a seguir ese camino sin esperanza? Ella se mantuvo firme ante cada insinuaci\u00f3n de terminar la relaci\u00f3n. En uno de mis \u00faltimos intentos se me hab\u00eda abrazado mientras, entre sollozos, me gritaba que no le hiciera aquello. \u00a1Que no le hiciera aquello! \u00bfEs que no se daba cuenta de que le ofrec\u00eda el mejor regalo que pod\u00eda darle? Mi madre, al principio, quiso convencerme de que le permitiera seguir junto a m\u00ed. Tuve que rogarle entre l\u00e1grimas que me ayudara a mantener mi dignidad dejando que la liberara de un futuro de mierda. Al final consegu\u00ed echarla de casa, se march\u00f3 llorando. Ya se le pasar\u00eda, lo suyo ten\u00eda cura.\u00a0<\/p>\n<p>Me incorporo hasta quedar sentado en el borde de la cama. Ir\u00f3nicamente pienso en la letra de una canci\u00f3n cuyo autor no recuerdo: \u201cUn d\u00eda m\u00e1s en el para\u00edso\u201d. El sarcasmo me provoca un atisbo de sonrisa que no llega a materializarse al tiempo que se abre paso en mi mente un funesto pensamiento: \u201cUn d\u00eda m\u00e1s en el infierno\u201d<\/p>\n<p><strong>El pozo de la depresi\u00f3n<\/strong><\/p>\n<p>No os espante el dolor; o tendr\u00e1 fin o acabar\u00e1 con vosotros. S\u00e9neca<\/p>\n<p>\u00a0S\u00e1bado 8 de septiembre de 2007:\u00a0<\/p>\n<p>Es curioso, pero a pesar de ser un d\u00eda soleado lo percibo apagado, con poca luminosidad. A mi madre le ha costado tanto levantarme de la cama que casi se da por vencida \u00bfPor qu\u00e9 no me dejar\u00e1n en paz? Tumbado consigo evadirme algo de esta tortura y, de todas formas, las dificultades para concentrarme me impiden la actividad que antes mejor llenaba mi tiempo, la lectura.<\/p>\n<p>No me importa lo que hagan conmigo: que me atiborren de pastillas o que intenten la maldita terapia. La psic\u00f3loga pretende marcarme unas pautas de conducta diarias; \u201cayudar\u00e1 a mejorar tu estado de \u00e1nimo\u201d, me dijo, \u201cA ver c\u00f3mo lo llevar\u00edas t\u00fa \u00a1Maldita zorra!\u201d, pens\u00e9 yo. No me import\u00f3 su explicaci\u00f3n sobre lo que me estaba ocurriendo:<\/p>\n<p style=\"padding-left: 30px;\">&#8211;\u00a0\u00a0\u00a0\u00a0\u00a0\u00a0\u00a0\u00a0 Es una \u201cdepresi\u00f3n reactiva\u201d, es decir, provocada por la enfermedad que padeces. Necesitamos resolverlo para mejorar tu calidad de vida.<\/p>\n<p>Yo me limitaba a asentir con la esperanza de abandonar cuanto antes ese despacho y estaba convencido de que lo mejor ser\u00eda acabar de una vez por todas. En realidad, s\u00f3lo me impide dar el \u00faltimo paso el dolor que infligir\u00eda a mi familia, pero esa barrera se est\u00e1 debilitando. Casi no siento afecto por nadie, como si hubiera perdido la capacidad de amar. No recuerdo el sentimiento de la felicidad y, a pesar de que intento recuperar de mi memoria momentos en los que disfrutaba de algo, no se acompa\u00f1an de las sensaciones que ten\u00eda.<\/p>\n<p><strong>Renacer<\/strong><\/p>\n<p>El ideal est\u00e1 en ti; el obst\u00e1culo para su cumplimiento tambi\u00e9n. Thomas Carlyle\u00a0<\/p>\n<p>Lunes 22 de 0ctubre de 2007:\u00a0<\/p>\n<p>Me da miedo pensar en la posibilidad de que todo sea un espejismo. Ayer, durante la cena, tuvimos el mejor momento desde no puedo recordar cu\u00e1ndo. Al intentar ponerme un vaso de agua, \u00e9ste se\u00a0 desliz\u00f3 entre mis dedos y cay\u00f3 al suelo haci\u00e9ndose a\u00f1icos; intent\u00e9 sujetar otro y tambi\u00e9n se me resbal\u00f3. Mis padres no dec\u00edan nada pero al ir a por el tercero nos cruzamos unas miradas de complicidad: todos entendimos, en ese lenguaje no verbal, que iba a acabar con la vajilla y estallamos en una espont\u00e1nea carcajada que no acababa nunca. Mi madre tuvo que sujetarse a la mesa de la cocina y parec\u00eda que le iba a dar algo: el sonido que sal\u00eda de su garganta se asemejaba a un grito agudo e interminable y mi padre se desternillaba vi\u00e9ndola fuera de control. Yo miraba alternativamente a uno y otro y a cada cruce de miradas estallaba de nuevo en una risa incontenible: el est\u00f3mago me lleg\u00f3 a doler. En el fondo no hab\u00eda para tanto, pero ninguno quiso desaprovechar la oportunidad de volver a ser feliz. Pienso que fueron unos instantes de liberaci\u00f3n donde la hilaridad nos permiti\u00f3 sacar toda la tensi\u00f3n acumulada. Fue un momento m\u00e1gico y record\u00e1ndolo me siento bien. Quiz\u00e1s deber\u00eda agarrarme a ese tipo de vivencias porque \u00bfqu\u00e9 alternativa me queda? Puede que la tormenta de risa que tuvimos ayer en familia me haya despertado por fin ese esp\u00edritu luchador del que habla la psic\u00f3loga. Al final la vida se compone de \u201cmomentos\u201d y las personas que nos encontramos en estas circunstancias puede que aprendamos a valorarlos m\u00e1s que el resto de los mortales. \u00bfCu\u00e1ntas veces me hab\u00eda dicho a m\u00ed mismo que ten\u00eda todo el tiempo del mundo? Ahora les dir\u00eda a todos que no dejen de hacer lo que sea porque es m\u00e1s tarde de lo que piensan. Creo que fue Mark Twain quien dijo algo como: \u201cDentro de veinte a\u00f1os te decepcionar\u00e1 m\u00e1s todo lo que dejaste de hacer que lo que hiciste\u201d. Yo no tengo veinte a\u00f1os por delante pero a\u00fan tengo una vida, una vida a la que me tendr\u00e9 que adaptar para sacarle el m\u00e1ximo: eso o hundirme en el fango. Aqu\u00ed dentro hay un cerebro y no estoy dispuesto a permitir que esta vida, la m\u00eda, haya pasado por este mundo amarg\u00e1ndose y amargando a los m\u00edos. \u201c\u00a1Cuidado muchacho!\u201d, me digo, \u201cno te entusiasmes demasiado que esto es \u00fanicamente un buen d\u00eda, aunque detr\u00e1s del primero pueden venir otros\u201d. Es incre\u00edble c\u00f3mo responde la mente cuando toma una determinaci\u00f3n y siento que acabo de tomar una decisi\u00f3n importante. Tengo algunas cuestiones que resolver: en primer lugar mis padres. Debemos afrontar esto desde una nueva perspectiva, empezando por m\u00ed y mi visi\u00f3n del futuro. \u00a1Se acab\u00f3 el teatro! Por primera vez en mucho tiempo me siento capaz de gobernar la nave y quiero que me acompa\u00f1en en este viaje.<\/p>\n<p>Ayer los tres re\u00edmos con ganas y hoy me siento feliz: esto de la risa es un \u201cb\u00e1lsamo\u201d de propiedades milagrosas. S\u00e9 que no siempre ser\u00e1 as\u00ed pero voy a luchar \u00a1qu\u00e9 demonios, soy ingeniero! y puede que&#8230; no, sin duda, la sociedad necesita un tipo creativo como yo para dise\u00f1ar lo que sea que mejore la calidad de vida de todo el que se encuentre en mi misma situaci\u00f3n. De repente siento que todo cobra sentido de nuevo y al marcarme un objetivo he obtenido la energ\u00eda que me hac\u00eda falta para tomarle la medida al futuro. \u00c9ste es el primer d\u00eda de mi nueva vida. Veo mi reflejo en el espejo del aseo y la persona que est\u00e1 ante m\u00ed eleva una copa imaginaria: \u00a1Por ti!<\/p>\n","protected":false},"excerpt":{"rendered":"<p>D\u00eda sesenta y dos en el infierno Es in\u00fatil pedirle a un r\u00edo que se detenga; lo mejor es aprender a navegar siguiendo el sentido de la corriente. (An\u00f3nimo)<\/p>\n","protected":false},"author":1,"featured_media":0,"comment_status":"open","ping_status":"open","sticky":false,"template":"","format":"standard","meta":[],"categories":[5,3],"tags":[],"amp_enabled":true,"_links":{"self":[{"href":"https:\/\/www.canal-literatura.es\/7certamen\/index.php?rest_route=\/wp\/v2\/posts\/403"}],"collection":[{"href":"https:\/\/www.canal-literatura.es\/7certamen\/index.php?rest_route=\/wp\/v2\/posts"}],"about":[{"href":"https:\/\/www.canal-literatura.es\/7certamen\/index.php?rest_route=\/wp\/v2\/types\/post"}],"author":[{"embeddable":true,"href":"https:\/\/www.canal-literatura.es\/7certamen\/index.php?rest_route=\/wp\/v2\/users\/1"}],"replies":[{"embeddable":true,"href":"https:\/\/www.canal-literatura.es\/7certamen\/index.php?rest_route=%2Fwp%2Fv2%2Fcomments&post=403"}],"version-history":[{"count":0,"href":"https:\/\/www.canal-literatura.es\/7certamen\/index.php?rest_route=\/wp\/v2\/posts\/403\/revisions"}],"wp:attachment":[{"href":"https:\/\/www.canal-literatura.es\/7certamen\/index.php?rest_route=%2Fwp%2Fv2%2Fmedia&parent=403"}],"wp:term":[{"taxonomy":"category","embeddable":true,"href":"https:\/\/www.canal-literatura.es\/7certamen\/index.php?rest_route=%2Fwp%2Fv2%2Fcategories&post=403"},{"taxonomy":"post_tag","embeddable":true,"href":"https:\/\/www.canal-literatura.es\/7certamen\/index.php?rest_route=%2Fwp%2Fv2%2Ftags&post=403"}],"curies":[{"name":"wp","href":"https:\/\/api.w.org\/{rel}","templated":true}]}}