{"id":595,"date":"2010-05-20T12:28:17","date_gmt":"2010-05-20T10:28:17","guid":{"rendered":"https:\/\/www.canal-literatura.es\/7certamen\/?p=595"},"modified":"2010-05-20T12:28:17","modified_gmt":"2010-05-20T10:28:17","slug":"151-la-loquilla-por-potnia","status":"publish","type":"post","link":"https:\/\/www.canal-literatura.es\/7certamen\/?p=595","title":{"rendered":"151- La Loquilla. Por Potnia"},"content":{"rendered":"<p>Se ol\u00eda a yodo, a algas y a mar. Se ol\u00eda a amanecer. Me gusta el amanecer en la playa, con las gaviotas desperez\u00e1ndose, raseando el mar.<!--more-->\u00a0Yo voy todos los d\u00edas y paseo moj\u00e1ndome los pies, respirando hondo y moj\u00e1ndome tambi\u00e9n el alma. S\u00f3lo los graznidos de las gaviotas y el romper de las olas quiebra el silencio. Tengo ante m\u00ed todo el tiempo del mundo, en el pasado era un bien preciado que hab\u00eda que administrar pero hoy todo el tiempo es m\u00edo y lo puedo disfrutar. Yo todas las ma\u00f1anas regalo mi tiempo a este paisaje, dejo que la brisa se lo lleve junto a los olores a yodo, algas y mar.<\/p>\n<p>Hoy ha sido diferente. Hoy una hoja de peri\u00f3dico medio h\u00fameda se me ha enredado en una pierna; al quit\u00e1rmela he le\u00eddo una noticia que hab\u00eda en un peque\u00f1o recuadro. No dec\u00eda mucho: \u201cUna mujer de mediana edad ha sido encontrada muerta en su casa\u201d y segu\u00eda: \u201cLa mujer viv\u00eda sola en las afueras del pueblo en una peque\u00f1a casa. Su cuerpo se encontraba desnudo en la ba\u00f1era. Ten\u00eda dos profundos cortes en las mu\u00f1ecas. Su nombre era Mar\u00eda L\u00f3pez Tur\u00edn. La polic\u00eda ha abierto una investigaci\u00f3n.\u201d \u00a1Mar\u00eda L\u00f3pez Tur\u00edn soy yo! Miro la fecha del peri\u00f3dico: 2 de abril del 2010; \u00a1no pod\u00eda ser, estamos a 2 de abril del 2009! \u00a1No tiene sentido! En al pueblo me tachan de loca, \u201cla loquilla\u201d, \u201cesa pirada\u201d, pero no es verdad, yo no estoy loca.<\/p>\n<p>Dej\u00e9 mi casa, familia y amigos hace cinco a\u00f1os y me vine aqu\u00ed para encontrarme porque me hab\u00eda perdido. Ten\u00eda que encontrar el porqu\u00e9 de mi existencia, qu\u00e9 significaba yo en un mundo que tantas cosas me hab\u00eda dado y que un d\u00eda, sin avisar, cruelmente, me hab\u00eda quitado. Es verdad que el hilo que une o separa la cordura de la locura es muy fino y que yo estuve un tiempo en el otro lado pero volv\u00ed, desgraciadamente volv\u00ed para encontrarme con una realidad que no me gustaba. Me hicieron volver.<\/p>\n<p>En este lugar encontr\u00e9 la compa\u00f1\u00eda de viejos pescadores que una y otra vez me contaban historias de este pueblo que hab\u00eda visto desembarcar en sus costas fenicios, griegos, romanos y \u00e1rabes. Sus gentes por tanto ten\u00edan una mezcla de culturas, tradiciones que hac\u00eda que su idiosincrasia fuera fascinante. En este pueblo me encontraba a salvo de m\u00ed misma. Me hab\u00eda incorporado al paisaje y me sent\u00eda vol\u00e1til como su calima.<\/p>\n<p>La cabeza me da vueltas, no puedo respirar, pero estoy cuerda, enteraros todos: estoy cuerda. Me he sentado en la arena h\u00fameda con el peri\u00f3dico en mis manos temblorosas. Miro otra vez la fecha y ah\u00ed sigue, inmutable. \u00a1Tengo que pensar! \u00a1Gaviotas, silencio!\u00a1Que se callen las olas, que se calle la brisa! \u00a1Que tengo que pensar y necesito el silencio! Los ojos se me llenan de l\u00e1grimas, pero vislumbro una figura que pausadamente se me acerca; no puedo describirla porque parece hecha de espuma de mar, de aire, de pasado, de noche fr\u00eda. Como un susurro la oigo decir: \u201cMar\u00eda, soy la \u03ac\u03bd\u03b1\u03b3\u03ba\u03ae\u201d. Sus palabras tienen un extra\u00f1o eco: anank\u00e9, anank\u00e9 &#8230; rebusco en mi memoria y la reconozco, me acuerdo: es la fatalidad, el sino, la necesidad, la angustia, el destino. La anank\u00e9 griega, la que nos rige, la que limita nuestra libertad. La cabeza me va a estallar. La miro sin verla pero la siento, la huelo y siento fr\u00edo.<\/p>\n<p>La siguen otras tres figuras indefinidas, sin l\u00edmites, flotantes sobre la arena. Como con una danza siniestra me rodean y las oigo, se burlan de m\u00ed.<\/p>\n<p>&#8211;\u00a0\u00a0\u00a0\u00a0\u00a0\u00a0\u00a0\u00a0\u00a0 Somos las Moiras \u2013 dicen.<\/p>\n<p>&#8211;\u00a0\u00a0\u00a0\u00a0\u00a0\u00a0\u00a0\u00a0\u00a0 Soy Cloto, la que hila.<\/p>\n<p>&#8211;\u00a0\u00a0\u00a0\u00a0\u00a0\u00a0\u00a0\u00a0\u00a0 Y yo L\u00e1quesis la que asigna los lotes.<\/p>\n<p>&#8211;\u00a0\u00a0\u00a0\u00a0\u00a0\u00a0\u00a0\u00a0\u00a0 Y yo \u00c1tropo la inflexible. No puedes hacer nada contra nuestra voluntad, hilamos la vida de los mortales, asignamos a cada uno su lote y finalmente rompemos el hilo que los une a la vida. Dentro de un a\u00f1o tu hilo se romper\u00e1, se romper\u00e1.<\/p>\n<p>Ahora lo veo. Mi lote estaba jalonado de heridas, la del amor, la de la muerte, la de la vida como dec\u00edan aquellos versos tantas veces recordados. Yo tuve un Amor, no digo un gran amor, ni un amor maravilloso; no le pongo adjetivos porque los adjetivos limitan y nuestro amor era infinito. Yo estaba llana de Amor pero un d\u00eda lo perd\u00ed. Su coraz\u00f3n se par\u00f3. Cloto, la moira que hila, le cort\u00f3 el hilo de la vida y dentro de un a\u00f1o me lo cortar\u00e1 a m\u00ed.<\/p>\n<p>Las gaviotas se han callado. Ya no oigo el sonido acompasado del mar. Se ha hecho el silencio. Mi lote hab\u00eda sido asignado por estas hijas de la Noche y hermanas de las horas.<\/p>\n<p>Me levanto con dificultad y voy hacia mi casa. Las piedras y los rastrojos van hiri\u00e9ndome los pies. Voy recogiendo flores silvestres y poni\u00e9ndomelas en el pelo, enganch\u00e1ndolas en mi ra\u00eddo sombrero de paja, se me cruza una lagartija: \u201c\u00a1Adi\u00f3s, lagartija!\u201d, voy a hacerle una faena a la anank\u00e9, y a Cloto y a L\u00e1quesis y a \u00c1tropo.\u00a0 Por esta vez voy a ganar. Mi destino lo voy a escribir yo. Ellas quieren fracturar mi tiempo dentro de un a\u00f1o, yo lo voy a hacer hoy. \u00a1Qu\u00e9 lastima que no pueda hacer un retorno al pasado, pero s\u00e9 que todo retorno es posesi\u00f3n del tiempo y el tiempo jam\u00e1s regresa! Pero voy a adelantar el futuro, el futuro lo voy a hacer presente. Moiras, Anank\u00e9, me disteis un lote de vida enga\u00f1oso, como cuando se le da un caramelo a un ni\u00f1o y cuando est\u00e1 disfrutando de \u00e9l se lo quitan. Crueles, hab\u00e9is sido crueles conmigo.<\/p>\n<p>Llego a casa. Recojo a los dos perros Toc y Din, a la gata Ingrid y al p\u00e1jaro G\u00f3mez. Como en procesi\u00f3n llegamos al pueblo, a la Glorieta donde est\u00e1n sentados mis amigos los viejos pescadores que amablemente aceptan qued\u00e1rselos a la vez que me preguntan si me voy por mucho tiempo. Sent\u00ed que les deb\u00eda palabras, ellos me hab\u00edan regalado muchas, no pod\u00eda irme con mis silencios. Con amargura les dije que s\u00ed, que era por mucho tiempo pero que les dejaba mis animales, lo \u00fanico vivo que me quedaba.<\/p>\n<p>Volv\u00ed sobre mis pasos, me sent\u00eda ligera, atraves\u00e9 la seca rambla y sub\u00ed hacia la casa. Ya en lo alto desde el porche desvencijado, mir\u00e9 el mar que in\u00fatilmente esperaba a esa rambla otro tiempo llena de agua para unirse con ella en un abrazo interminable.<\/p>\n<p>Abro el agua y lleno la ba\u00f1era, me voy quitando la ropa. Vuelvo a o\u00edr a las gaviotas, las olas del mar, la brisa. Me llega el olor a salitre, me miro las mu\u00f1ecas, son el hilo de Cloto. Cojo una peque\u00f1a y afilada navaja, soy due\u00f1a y creadora de mi existencia y voy cortando sin titubear el hilo. Oigo el mar, ese mar al que tanto he amado. Se va alejando y yo con \u00e9l.<\/p>\n","protected":false},"excerpt":{"rendered":"<p>Se ol\u00eda a yodo, a algas y a mar. Se ol\u00eda a amanecer. Me gusta el amanecer en la playa, con las gaviotas desperez\u00e1ndose, raseando el mar.<\/p>\n","protected":false},"author":1,"featured_media":0,"comment_status":"open","ping_status":"open","sticky":false,"template":"","format":"standard","meta":[],"categories":[3],"tags":[],"amp_enabled":true,"_links":{"self":[{"href":"https:\/\/www.canal-literatura.es\/7certamen\/index.php?rest_route=\/wp\/v2\/posts\/595"}],"collection":[{"href":"https:\/\/www.canal-literatura.es\/7certamen\/index.php?rest_route=\/wp\/v2\/posts"}],"about":[{"href":"https:\/\/www.canal-literatura.es\/7certamen\/index.php?rest_route=\/wp\/v2\/types\/post"}],"author":[{"embeddable":true,"href":"https:\/\/www.canal-literatura.es\/7certamen\/index.php?rest_route=\/wp\/v2\/users\/1"}],"replies":[{"embeddable":true,"href":"https:\/\/www.canal-literatura.es\/7certamen\/index.php?rest_route=%2Fwp%2Fv2%2Fcomments&post=595"}],"version-history":[{"count":0,"href":"https:\/\/www.canal-literatura.es\/7certamen\/index.php?rest_route=\/wp\/v2\/posts\/595\/revisions"}],"wp:attachment":[{"href":"https:\/\/www.canal-literatura.es\/7certamen\/index.php?rest_route=%2Fwp%2Fv2%2Fmedia&parent=595"}],"wp:term":[{"taxonomy":"category","embeddable":true,"href":"https:\/\/www.canal-literatura.es\/7certamen\/index.php?rest_route=%2Fwp%2Fv2%2Fcategories&post=595"},{"taxonomy":"post_tag","embeddable":true,"href":"https:\/\/www.canal-literatura.es\/7certamen\/index.php?rest_route=%2Fwp%2Fv2%2Ftags&post=595"}],"curies":[{"name":"wp","href":"https:\/\/api.w.org\/{rel}","templated":true}]}}