{"id":990,"date":"2010-06-06T22:37:46","date_gmt":"2010-06-06T20:37:46","guid":{"rendered":"https:\/\/www.canal-literatura.es\/7certamen\/?p=990"},"modified":"2010-06-17T15:39:39","modified_gmt":"2010-06-17T13:39:39","slug":"280-relatos-admitidos-a-concurso-comienza-la-votacion-del-premio-especial-del-publico","status":"publish","type":"post","link":"https:\/\/www.canal-literatura.es\/7certamen\/?p=990","title":{"rendered":"280 relatos admitidos a concurso. Comienza la votaci\u00f3n del Premio Especial del P\u00fablico."},"content":{"rendered":"<p>Revisada toda la documentaci\u00f3n de los originales enviados en plazo, los\u00a0trabajos \u00a0admitidos definitivamente a concurso\u00a0 son\u00a0 los 279 \u00a0relatos subidos y disponibles en\u00a0esta web, ya que el n\u00ba76- Veinte a\u00f1os, Ulises,\u00a0\u00a0ha sido descalificado por incumplir la norma n\u00ba 3 de las bases de esta convocatoria, por tanto no tendr\u00e1 visibles las estrellas de votaci\u00f3n.<\/p>\n<h2 style=\"text-align: center;\"><span style=\"color: #ff0000;\">Normas de votaci\u00f3n para el Premio Especial del P\u00fablico:<\/span><\/h2>\n<p style=\"text-align: center;\">Es importante leer detenidamente estas normas y\u00a0todas las \u00a0p\u00e1ginas de\u00a0esta web.<\/p>\n<h2>Primera fase<br \/>\n<strong><\/strong><\/h2>\n<p><strong>1<\/strong>-La votaci\u00f3n del p\u00fablico se realizar\u00e1 a trav\u00e9s de las\u00a0<strong>10 estrellas<\/strong>\u00a0que aparecer\u00e1n al final de cada relato.<br \/>\nPinchar en la d\u00e9cima estrella es la m\u00e1xima cualificaci\u00f3n pero s\u00f3lo sirve para valorar la media ya que lo que se computa es el n\u00famero de votos.<\/p>\n<p><strong>2<\/strong>-Esta votaci\u00f3n ser\u00e1 <strong>completamente libre<\/strong> sin intervenci\u00f3n ni control alguno. Cualquier circunstancia imprevista ser\u00e1 resuelta en cada caso, seg\u00fan el criterio de seguridad de nuestros t\u00e9cnicos.<\/p>\n<p><strong>3<\/strong>-Una vez publicados en la web los diez finalistas seleccionados por el grupo de lectura y<strong>\u00a0<\/strong>que pasaran al jurado oficial de este certamen, se cerrar\u00e1 esta votaci\u00f3n abierta del p\u00fablico general, siendo seleccionados para la segunda fase los diez relatos con mayor\u00a0<strong>n\u00famero de votos<\/strong>\u00a0.<\/p>\n<p>**************************************************************************<\/p>\n<h2>Segunda fase:<\/h2>\n<p><strong>1<\/strong>-A esta segunda fase pasar\u00e1n los diez relatos m\u00e1s votados por el p\u00fablico \u00a0generla en la primera fase.<\/p>\n<p><strong>2<\/strong>-Siguiendo el criterio y las indicaciones de los concursantes de anteriores cert\u00e1menes, y tal como se hizo en el V Certamen de poemas,\u00a0se ha creado una\u00a0 segunda fase \u00a0para que sean los <strong>concursantes que participan<\/strong> los que finalmente otorguen el Premio Especial del p\u00fablico entre los\u00a0<strong>diez finalistas elegidos por el p\u00fablico general.<\/strong><\/p>\n<p><strong><span style=\"text-decoration: underline;\">Forma de votaci\u00f3n<\/span><\/strong><\/p>\n<p><strong>3<\/strong>&#8211; Esta votaci\u00f3n se realizar\u00e1 mediante un comentario realizado con el\u00a0<strong>seud\u00f3nimo oficial<\/strong>\u00a0del concursante y el\u00a0<strong>correo electr\u00f3nico<\/strong><strong>\u00a0<\/strong>que utiliz\u00f3 para enviar su documentaci\u00f3n al certamen.<\/p>\n<p><strong>4<\/strong>&#8211; En el relato elegido se dejar\u00e1 un comentario con el siguiente texto:\u00a0<strong>Voto por este relato.<\/strong><br \/>\nCada concursante podr\u00e1 votar un\u00a0poema finalista,\u00a0 excepto el suyo si se encuentra entre ellos.<\/p>\n<p><strong>5<\/strong>-El relato m\u00e1s votado por los concursantes, ser\u00e1 el\u00a0<strong>ganador del Premio Especial del P\u00fablico 2010<\/strong><\/p>\n<p style=\"text-align: center;\"><strong><span style=\"color: #000000;\">Rogamos a todos los concursantes que procuren participar en la segunda fase.<\/span><\/strong><\/p>\n<p><strong>************************************************************************<\/strong><\/p>\n<h2><span style=\"color: #ff00ff;\">Aclaraciones importantes: <\/span><\/h2>\n<p><span style=\"color: #ff00ff;\"><span style=\"color: #ff0000;\"><strong>\u00a1Atenci\u00f3n a los cambios\u00a1<\/strong><\/span><\/span><\/p>\n<p>El certamen tiene dos apartados bien diferenciados:<\/p>\n<p><strong>A-<\/strong> Finalistas seleccionados por un grupo de lectura experto que decide los 10\u00a0relatos \u00a0que pasan al jurado oficial del certamen presidido por <strong>Laura Borr\u00e0s<\/strong>. \u00a0De esos diez finalistas, saldr\u00e1n el primer, segundo y tercer premio que tienen dotaci\u00f3n econ\u00f3mica y trofeo.\u00a0<strong>El p\u00fablico lector de la web no participa en este apartado .<\/strong><strong>\u00a0<\/strong><\/p>\n<p><strong>B-<\/strong> Premio Especial del P\u00fablico. Este premio solo tiene un ganador y un trofeo, no tiene dotaci\u00f3n econ\u00f3mica (solo las aportaciones que quiera hacer el p\u00fablico lector).<br \/>\nEn la primera ronda, el p\u00fablico en general vota su poema favorito a trav\u00e9s de las estrellas que aparecen debajo de cada poema.\u00a0<strong>La votaci\u00f3n empieza en el momento que esas estrellas son visibles en la web \u00a0<span style=\"color: #ff0000;\">y se cerrar\u00e1 el\u00a05 de julio\u00a0 de 2010 a las 23:59 hora espa\u00f1ola.<\/span><\/strong><\/p>\n<p>Entre los diez finalistas elegidos por el\u00a0<strong>p\u00fablico general<\/strong>\u00a0ser\u00e1n exclusivamente los 279 concursantes quienes decidan el ganador tal y como se explica en el apartado n\u00ba3 de la segunda fase.<\/p>\n<p>La\u00a0votaci\u00f3n de los concursantes en la segunda ronda <span style=\"color: #ff0000;\"><strong>se har\u00e1\u00a0 desde el d\u00eda\u00a06\u00a0<\/strong><\/span>\u00a0 <strong><span style=\"color: #ff0000;\">hasta el 20 de Julio<\/span><\/strong> y el ganador se publicar\u00e1 el mismo d\u00eda que los\u00a0 finalistas del certamen apr\u00f3ximadamente <strong>en torno al\u00a0 25 de julio.<\/strong><\/p>\n","protected":false},"excerpt":{"rendered":"<p>Revisada toda la documentaci\u00f3n de los originales enviados en plazo, los\u00a0trabajos \u00a0admitidos definitivamente a concurso\u00a0 son\u00a0 los 279 \u00a0relatos subidos y disponibles en\u00a0esta web, ya que el n\u00ba76- Veinte a\u00f1os, Ulises,\u00a0\u00a0ha sido descalificado por incumplir la norma n\u00ba 3 de las bases de esta convocatoria, por tanto no tendr\u00e1 visibles las estrellas de votaci\u00f3n. Normas [&hellip;]<\/p>\n","protected":false},"author":1,"featured_media":0,"comment_status":"open","ping_status":"open","sticky":false,"template":"","format":"standard","meta":[],"categories":[1],"tags":[],"amp_enabled":true,"_links":{"self":[{"href":"https:\/\/www.canal-literatura.es\/7certamen\/index.php?rest_route=\/wp\/v2\/posts\/990"}],"collection":[{"href":"https:\/\/www.canal-literatura.es\/7certamen\/index.php?rest_route=\/wp\/v2\/posts"}],"about":[{"href":"https:\/\/www.canal-literatura.es\/7certamen\/index.php?rest_route=\/wp\/v2\/types\/post"}],"author":[{"embeddable":true,"href":"https:\/\/www.canal-literatura.es\/7certamen\/index.php?rest_route=\/wp\/v2\/users\/1"}],"replies":[{"embeddable":true,"href":"https:\/\/www.canal-literatura.es\/7certamen\/index.php?rest_route=%2Fwp%2Fv2%2Fcomments&post=990"}],"version-history":[{"count":0,"href":"https:\/\/www.canal-literatura.es\/7certamen\/index.php?rest_route=\/wp\/v2\/posts\/990\/revisions"}],"wp:attachment":[{"href":"https:\/\/www.canal-literatura.es\/7certamen\/index.php?rest_route=%2Fwp%2Fv2%2Fmedia&parent=990"}],"wp:term":[{"taxonomy":"category","embeddable":true,"href":"https:\/\/www.canal-literatura.es\/7certamen\/index.php?rest_route=%2Fwp%2Fv2%2Fcategories&post=990"},{"taxonomy":"post_tag","embeddable":true,"href":"https:\/\/www.canal-literatura.es\/7certamen\/index.php?rest_route=%2Fwp%2Fv2%2Ftags&post=990"}],"curies":[{"name":"wp","href":"https:\/\/api.w.org\/{rel}","templated":true}]}}