{"id":280,"date":"2011-02-06T21:50:14","date_gmt":"2011-02-06T19:50:14","guid":{"rendered":"https:\/\/www.canal-literatura.es\/7certamen\/premiodamasco\/?p=280"},"modified":"2020-06-15T18:49:53","modified_gmt":"2020-06-15T17:49:53","slug":"20-buscando-por-inquiet","status":"publish","type":"post","link":"https:\/\/www.canal-literatura.es\/7certamen\/premiodamasco\/?p=280","title":{"rendered":"20- Buscando. Por Inquiet@"},"content":{"rendered":"<p><iframe loading=\"lazy\" width=\"560\" height=\"315\" src=\"https:\/\/www.youtube.com\/embed\/e0GBDk-IiSw\" frameborder=\"0\" allow=\"accelerometer; autoplay; encrypted-media; gyroscope; picture-in-picture\" allowfullscreen><\/iframe><\/p>\n<p>Descripci\u00f3n:<br \/>\nEste video es un peque\u00f1o homenaje a la figura de un murciano universal \u201cIBN ARAB\u00cd\u201d. Poeta, fil\u00f3sofo andalus\u00ed, viajero, m\u00edstico, sabio musulm\u00e1n. No lo conociamos mucho, pero hemos buscado, imaginado su vida en la Murcia del siglo XII y, utilizando las nuevas tecnolog\u00edas, queremos con esta peque\u00f1a aportaci\u00f3n, invitar a que otros lo hagan para conocer su vida, su obra y su pensamiento.<\/p>\n","protected":false},"excerpt":{"rendered":"<p>Descripci\u00f3n: Este video es un peque\u00f1o homenaje a la figura de un murciano universal \u201cIBN ARAB\u00cd\u201d. Poeta, fil\u00f3sofo andalus\u00ed, viajero, m\u00edstico, sabio musulm\u00e1n. No lo conociamos mucho, pero hemos buscado, imaginado su vida en la Murcia del siglo XII y, utilizando las nuevas tecnolog\u00edas, queremos con esta peque\u00f1a aportaci\u00f3n, invitar&#8230;<\/p>\n<p class=\"continue-reading-button\"> <a class=\"continue-reading-link\" href=\"https:\/\/www.canal-literatura.es\/7certamen\/premiodamasco\/?p=280\">Leer m\u00e1s<i class=\"crycon-right-dir\"><\/i><\/a><\/p>\n","protected":false},"author":1,"featured_media":0,"comment_status":"open","ping_status":"open","sticky":false,"template":"","format":"standard","meta":[],"categories":[19,5],"tags":[10,12],"amp_enabled":true,"_links":{"self":[{"href":"https:\/\/www.canal-literatura.es\/7certamen\/premiodamasco\/index.php?rest_route=\/wp\/v2\/posts\/280"}],"collection":[{"href":"https:\/\/www.canal-literatura.es\/7certamen\/premiodamasco\/index.php?rest_route=\/wp\/v2\/posts"}],"about":[{"href":"https:\/\/www.canal-literatura.es\/7certamen\/premiodamasco\/index.php?rest_route=\/wp\/v2\/types\/post"}],"author":[{"embeddable":true,"href":"https:\/\/www.canal-literatura.es\/7certamen\/premiodamasco\/index.php?rest_route=\/wp\/v2\/users\/1"}],"replies":[{"embeddable":true,"href":"https:\/\/www.canal-literatura.es\/7certamen\/premiodamasco\/index.php?rest_route=%2Fwp%2Fv2%2Fcomments&post=280"}],"version-history":[{"count":0,"href":"https:\/\/www.canal-literatura.es\/7certamen\/premiodamasco\/index.php?rest_route=\/wp\/v2\/posts\/280\/revisions"}],"wp:attachment":[{"href":"https:\/\/www.canal-literatura.es\/7certamen\/premiodamasco\/index.php?rest_route=%2Fwp%2Fv2%2Fmedia&parent=280"}],"wp:term":[{"taxonomy":"category","embeddable":true,"href":"https:\/\/www.canal-literatura.es\/7certamen\/premiodamasco\/index.php?rest_route=%2Fwp%2Fv2%2Fcategories&post=280"},{"taxonomy":"post_tag","embeddable":true,"href":"https:\/\/www.canal-literatura.es\/7certamen\/premiodamasco\/index.php?rest_route=%2Fwp%2Fv2%2Ftags&post=280"}],"curies":[{"name":"wp","href":"https:\/\/api.w.org\/{rel}","templated":true}]}}