{"id":1208,"date":"2011-07-15T23:19:44","date_gmt":"2011-07-15T21:19:44","guid":{"rendered":"http:\/\/www.canal-literatura.es\/8certamen\/?p=1208"},"modified":"2011-07-15T23:19:44","modified_gmt":"2011-07-15T21:19:44","slug":"184-el-comienzo-por-bunuelo-repipi","status":"publish","type":"post","link":"https:\/\/www.canal-literatura.es\/8certamen\/184-el-comienzo-por-bunuelo-repipi\/","title":{"rendered":"184-El Comienzo. Por Bu\u00f1uelo Repipi"},"content":{"rendered":"<p>Era un d\u00eda de finales de Febrero, y la primavera parec\u00eda entrar en mi habitaci\u00f3n de Badajoz por momentos. Decid\u00ed salir a pasear para aprovechar que la tarde era hermosa y la temperatura m\u00e1s que ideal. Sal\u00ed de mi piso con la llave en un bolsillo y un par de euros en el otro y decid\u00ed caminar sin rumbo hacia zonas poco civilizadas en las que contemplar m\u00e1s universo y menos humanidad.<!--more--><\/p>\n<p>Mir\u00e9 las nubes y me qued\u00e9 absorta en su belleza de tonos azulados y naranjas que parec\u00edan dibujar en el cielo una historia que hablaba de que el bien y el mal siempre han ido de la mano en la naturaleza humana\u2026\u00a0<\/p>\n<p>Y as\u00ed pas\u00e9 horas, no s\u00e9 cu\u00e1ntas, deambulando rumbo a sitios con pocos edificios donde se viera la puesta de sol con claridad, y acab\u00e9 al otro lado del r\u00edo.<\/p>\n<p>Segu\u00ed mi camino de vuelta a casa y cerr\u00e9 los ojos para sentir el sutil aroma del bienestar cuando parece que la naturaleza y t\u00fa est\u00e9is sincronizados.\u00a0<\/p>\n<p>Aquel d\u00eda, antes de volver a mi cuarto, algo hab\u00eda cambiado en m\u00ed. El escepticismo que tanta seguridad me confiere en ocasiones ya no era v\u00e1lido al sentir de una manera tan clara que el mundo hab\u00eda sido creado para mi disfrute con todos los sentidos.<\/p>\n<p>Viendo la plenitud del mundo en la luz, en los ni\u00f1os jugando en los parques con los perros, las bicicletas y la tierra. En los colores de los que alg\u00fan ser maravilloso hab\u00eda creado mi peque\u00f1o mundo. En las nubes caprichosas que se dibujaban y redibujaban ante mis ojos. En el suelo lleno de peque\u00f1as criaturas haciendo sus vidas, subsistiendo en un mundo de cemento. En los \u00e1rboles y todo tipo de plantas, con tantas tonalidades de verde como se pueda imaginar que, con el ox\u00edgeno que desprenden, nos regalan la vida cada d\u00eda a muchos otros seres vivos.<\/p>\n<p>Oliendo la hierba de los jardines, la colonia de las gentes que corren por la ciudad, las flores que crecen caprichosas en los arreates, la tierra mojada al pasar cerca del r\u00edo.<\/p>\n<p>Escuchando los gritos de los ni\u00f1os y las voces quebradas y hermos\u00edsimas de los m\u00e1s adultos paseando juntos su experiencia, el tr\u00e1fico, el silencio roto por las aves que se cantan las unas a las otras, las gentes que hablan por el m\u00f3vil: algunas riendo, otras preocupadas, otras con miedo, otras amando.<\/p>\n<p>Sintiendo el tacto \u00e1spero de la barandilla del puente que cruza el r\u00edo, las monedas que puse en mi bolsillo pasando de fr\u00edas a c\u00e1lidas en mi mano, el viento acariciando mi cara y mi pelo suave al recogerlo para que el sol pueda llegar tambi\u00e9n a mi cuello.<\/p>\n<p>Saboreando un chicle de fresa gastado\u2026saboreando esa libertad que da el poder estar en silencio y no sentirte sola; el sentir el sol entrando por los poros de tu piel, c\u00e1lido, haci\u00e9ndote sentir bien.\u00a0<\/p>\n<p>Con una sonrisa d\u00e9bil (que no me di cuenta de que estaba ah\u00ed hasta que me vi en el espejo) saqu\u00e9 mis apuntes con la intenci\u00f3n de usar esa extra\u00f1a y nueva alegr\u00eda para algo productivo; pero al leer la segunda p\u00e1gina me di cuenta de que necesitaba relajarme y meditar.\u00a0<\/p>\n<p>Durante mucho tiempo el h\u00e1bito de encender una vela y dejar la mente en blanco era para m\u00ed algo diario e incluso de obligaci\u00f3n para darle paz y sentido a mi vida; y aunque en los \u00faltimos tiempos perd\u00ed la costumbre ese d\u00eda daba lo mismo.\u00a0<\/p>\n<p>Al meditar logr\u00e9 dejar por una vez todo aquello que es mundano y me preocupa, todo aquello que me produce desasosiego, esa vocecilla que continuamente me comenta lo que tengo que hacer y que mi madre dec\u00eda que era mi conciencia cuando yo sab\u00eda menos y era m\u00e1s so\u00f1adora.<\/p>\n<p>Consegu\u00ed dejar aparcadas mis debilidades, mis miedos, mis dudas y de repente, en ese vac\u00edo hall\u00e9 algo que no esperaba encontrarme: ilusi\u00f3n, esperanza, una paz que superaba todo cuanto hab\u00eda vivido hasta ese momento\u2026y, pese al agnosticismo que me gobierna en todos los aspectos de mi vida, supe que esa era mi manera de comunicarme con el Universo, con Dios o con mi conciencia m\u00e1s alta.\u00a0<\/p>\n<p>Nunca antes me hab\u00eda sentido tan llena; de repente ya no ten\u00eda que buscar mi sitio en el mundo, ni alguien para comer en la facultad, ni un plan para no aburrirme hoy porque todos los d\u00edas encontraba algo que hacer, alguien que me ense\u00f1ara algo, alguien a quien ayudar y una raz\u00f3n nueva para vivir plenamente. Al mirar a una persona a los ojos instintivamente ya sab\u00eda c\u00f3mo se sent\u00eda y qu\u00e9 necesitaba, y siempre que pod\u00eda intentaba d\u00e1rselo.<\/p>\n<p>La paz y la sencillez abrieron mis ojos para poder observar as\u00ed que todos nos influimos los unos a los otros por el mero hecho de ser humanos; que hay personas en el mundo que llevan pesadas cargas en sus hombros y necesitan hablar de ello, otras sufren en un silencio que les lleva a la soledad, otras dependen de otros de tal manera que no viven para ellos mismos y hay personas que son incre\u00edble y fascinantemente fuertes, y pueden ayudar a cualquiera que se les arrime lo m\u00e1s m\u00ednimo.<\/p>\n<p>Todos los casos que he mencionado son solamente una peque\u00f1a representaci\u00f3n de las vidas de las personas de este planeta. La Tierra est\u00e1 en continua evoluci\u00f3n y nosotros, como hijos de ella que somos, toda la vida pasamos por distintos momentos y evolucionamos a nuestro propio comp\u00e1s.\u00a0<\/p>\n<p>Todo aquello que sent\u00ed estando embebida del amor y de la vida me ayud\u00f3 a seguir forj\u00e1ndome como persona: me abri\u00f3 la mente. Los juicios de valor que sol\u00eda hacer ya no ten\u00edan sentido para m\u00ed, y mi manera de ser se suaviz\u00f3, as\u00ed todo aquel que tratara conmigo se volv\u00eda m\u00e1s dulce tambi\u00e9n, y siempre me sent\u00eda tranquila y protegida de valoraciones negativas (que tanto me hab\u00edan importado en d\u00edas pasados). Daba igual con quien hablara, charlar sosegadamente era como un b\u00e1lsamo para esa persona, contagi\u00e1ndose de un aura de paz.\u00a0<\/p>\n<p>Otra cosa que cambi\u00f3 en m\u00ed fue la verg\u00fcenza\u2026 ya no la ten\u00eda. Me daba igual devolver el saludo a los ni\u00f1os del jard\u00edn de infancia de un colegio, o canturrear por la calle pese a saber que otros me o\u00edan, o decirle a una se\u00f1ora que llevaba la etiqueta de la camiseta por fuera. No me importaba lo que otros pensaran o dijeran. Mi mente hac\u00eda o\u00eddos sordos sin consultarme.\u00a0<\/p>\n<p>Suena tan bello\u2026 fue tan hermoso\u2026 tal vez si alguien me hubiese explicado que la esquizofrenia la mayor\u00eda de las veces no tiene que ver con ser agresivo, solo tal vez hubiera sabido qu\u00e9 estaba empezando a sucederme. Quiz\u00e1s hubiera frenado mi delirio en el momento justo y apenas hubiera necesitado medicaci\u00f3n.<\/p>\n<p>Pese a que puedo hacer una vida normal, cuando digo que soy esquizofr\u00e9nica no quieren contratarme; y mis amigos no han vuelto a tratarme de la misma manera, parece que no quieran contrariarme.\u00a0<\/p>\n<p>Aunque ya no me siento embebida por \u00e9l, sigo creyendo que hay algo m\u00e1s grande que yo, y a ese \u201calgo\u201d le rezo cada noche porque mi familia no se preocupe tanto por m\u00ed, porque no vuelva a tener un brote, y porque la informaci\u00f3n sobre las enfermedades mentales mejore en este pa\u00eds. Somos personas normales, algunos necesitamos tratamiento y otros no, pero merecemos que vean m\u00e1s all\u00e1 del t\u00edtulo terrible de \u201cloco\u201d.\u00a0<\/p>\n<p>Sigo ayudando a todos los que puedo; muchos ni siquiera saben que tengo una enfermedad, y sue\u00f1o con un mundo sin marcas ni t\u00edtulos: una sociedad hecha de personas.<\/p>\n","protected":false},"excerpt":{"rendered":"<p>Era un d\u00eda de finales de Febrero, y la primavera parec\u00eda entrar en mi habitaci\u00f3n de Badajoz por momentos. Decid\u00ed salir a pasear para aprovechar que la tarde era hermosa y la temperatura m\u00e1s que ideal. Sal\u00ed de mi piso con la llave en un bolsillo y un par de [&hellip;]<\/p>\n","protected":false},"author":1,"featured_media":0,"comment_status":"open","ping_status":"open","sticky":false,"template":"","format":"standard","meta":{"footnotes":""},"categories":[5],"tags":[],"class_list":["post-1208","post","type-post","status-publish","format-standard","hentry","category-relatos"],"amp_enabled":true,"_links":{"self":[{"href":"https:\/\/www.canal-literatura.es\/8certamen\/wp-json\/wp\/v2\/posts\/1208","targetHints":{"allow":["GET"]}}],"collection":[{"href":"https:\/\/www.canal-literatura.es\/8certamen\/wp-json\/wp\/v2\/posts"}],"about":[{"href":"https:\/\/www.canal-literatura.es\/8certamen\/wp-json\/wp\/v2\/types\/post"}],"author":[{"embeddable":true,"href":"https:\/\/www.canal-literatura.es\/8certamen\/wp-json\/wp\/v2\/users\/1"}],"replies":[{"embeddable":true,"href":"https:\/\/www.canal-literatura.es\/8certamen\/wp-json\/wp\/v2\/comments?post=1208"}],"version-history":[{"count":4,"href":"https:\/\/www.canal-literatura.es\/8certamen\/wp-json\/wp\/v2\/posts\/1208\/revisions"}],"predecessor-version":[{"id":1212,"href":"https:\/\/www.canal-literatura.es\/8certamen\/wp-json\/wp\/v2\/posts\/1208\/revisions\/1212"}],"wp:attachment":[{"href":"https:\/\/www.canal-literatura.es\/8certamen\/wp-json\/wp\/v2\/media?parent=1208"}],"wp:term":[{"taxonomy":"category","embeddable":true,"href":"https:\/\/www.canal-literatura.es\/8certamen\/wp-json\/wp\/v2\/categories?post=1208"},{"taxonomy":"post_tag","embeddable":true,"href":"https:\/\/www.canal-literatura.es\/8certamen\/wp-json\/wp\/v2\/tags?post=1208"}],"curies":[{"name":"wp","href":"https:\/\/api.w.org\/{rel}","templated":true}]}}