{"id":121,"date":"2011-05-27T12:43:55","date_gmt":"2011-05-27T10:43:55","guid":{"rendered":"http:\/\/www.canal-literatura.es\/8certamen\/?p=121"},"modified":"2011-05-29T11:30:54","modified_gmt":"2011-05-29T09:30:54","slug":"se-convoca-el-viii-certamen-de-narrativa-breve-2011","status":"publish","type":"post","link":"https:\/\/www.canal-literatura.es\/8certamen\/se-convoca-el-viii-certamen-de-narrativa-breve-2011\/","title":{"rendered":"Se convoca el VIII Certamen de Narrativa Breve 2011"},"content":{"rendered":"<p><img loading=\"lazy\" decoding=\"async\" alt=\"\" src=\"https:\/\/www.canal-literatura.es\/8certamen\/banner\/banner_8certamen_222x222.gif\" title=\"VIII Certamen de Narrativa Breve\" class=\"aligncenter\" width=\"222\" height=\"222\" \/> <\/p>\n<p>Esta octava edici\u00f3n del Certamen de Narrativa Breve estar\u00e1 presidido por el escritor <strong>Fernando Mar\u00edas<\/strong>, Premio Primavera de Novela de este a\u00f1o con la obra \u201cTodo el amor y casi toda la muerte.\u201d Ser\u00e1 entrevistado en directo en canal #literatura de IRC-Hispano durante el trascurso del certamen.<\/p>\n<p>El plazo de presentaci\u00f3n es desde hoy<strong> 27 de mayo hasta el 5 de julio 2011<\/strong> y los textos podr\u00e1n enviarse exclusivamente por correo electr\u00f3nico a la direcci\u00f3n: a la direcci\u00f3n: <strong> <a href=\"mailto:relatos@canal-literatura.com\">relatos@canal-literatura.com<\/a><\/strong>  cumplimentando los formularios oficiales que se pueden descargar de la p\u00e1gina del certamen d\u00f3nde se explican detalladamente las bases  de participaci\u00f3n y que recomendamos leer antes de iniciar cualquier tr\u00e1mite.<\/p>\n<p>Primer premio: 600 euros, trofeo y matricula de un curso en la Escuela de escritores Alonso Quijano, segundo premio: 300 euros y trofeo, tercer premio: 150 euros y trofeo.<\/p>\n<p>La Asociaci\u00f3n Canal Literatura convoca la octava edici\u00f3n del certamen de narrativa breve que se desarrolla \u00edntegramente en Internet con la exposici\u00f3n de todos los textos concursantes, que pueden ser comentados, compartidos y votados por todos los lectores. La idea trata de promover  y estimular  la lectura y la creaci\u00f3n literaria, as\u00ed como la participaci\u00f3n a trav\u00e9s de las nuevas tecnolog\u00edas con seguridad y confianza.<br \/>\nLa entrega de premios se realizar\u00e1 en Murcia el 8 de octubre de 2011 junto a los premiados del VI Certamen \u201cPoemas sin Rostro\u201d y El premio Especial \u201cTras las huellas de Ibn Arab\u00ed\u201d.<\/p>\n<p><a title=\"La Verdad.es\" href=\"http:\/\/www.laverdad.es\/albacete\/20110528\/mas-actualidad\/cultura\/certamen-narrativa-201105281149.html\" target=\"_blank\"><img loading=\"lazy\" decoding=\"async\" class=\"aligncenter\" title=\"Noticia en La Verdad.es\" src=\"http:\/\/www.canal-literatura.es\/themes\/3D-Fantasy\/images\/header\/logo_laverdad.gif\" alt=\"Noticia en La Verdad.es\" width=\"171\" height=\"33\" \/><\/a><\/p>\n","protected":false},"excerpt":{"rendered":"<p>Esta octava edici\u00f3n del Certamen de Narrativa Breve estar\u00e1 presidido por el escritor Fernando Mar\u00edas, Premio Primavera de Novela de este a\u00f1o con la obra \u201cTodo el amor y casi toda la muerte.\u201d Ser\u00e1 entrevistado en directo en canal #literatura de IRC-Hispano durante el trascurso del certamen. El plazo de [&hellip;]<\/p>\n","protected":false},"author":1,"featured_media":0,"comment_status":"open","ping_status":"open","sticky":false,"template":"","format":"standard","meta":{"footnotes":""},"categories":[4],"tags":[],"class_list":["post-121","post","type-post","status-publish","format-standard","hentry","category-noticias"],"amp_enabled":true,"_links":{"self":[{"href":"https:\/\/www.canal-literatura.es\/8certamen\/wp-json\/wp\/v2\/posts\/121","targetHints":{"allow":["GET"]}}],"collection":[{"href":"https:\/\/www.canal-literatura.es\/8certamen\/wp-json\/wp\/v2\/posts"}],"about":[{"href":"https:\/\/www.canal-literatura.es\/8certamen\/wp-json\/wp\/v2\/types\/post"}],"author":[{"embeddable":true,"href":"https:\/\/www.canal-literatura.es\/8certamen\/wp-json\/wp\/v2\/users\/1"}],"replies":[{"embeddable":true,"href":"https:\/\/www.canal-literatura.es\/8certamen\/wp-json\/wp\/v2\/comments?post=121"}],"version-history":[{"count":8,"href":"https:\/\/www.canal-literatura.es\/8certamen\/wp-json\/wp\/v2\/posts\/121\/revisions"}],"predecessor-version":[{"id":155,"href":"https:\/\/www.canal-literatura.es\/8certamen\/wp-json\/wp\/v2\/posts\/121\/revisions\/155"}],"wp:attachment":[{"href":"https:\/\/www.canal-literatura.es\/8certamen\/wp-json\/wp\/v2\/media?parent=121"}],"wp:term":[{"taxonomy":"category","embeddable":true,"href":"https:\/\/www.canal-literatura.es\/8certamen\/wp-json\/wp\/v2\/categories?post=121"},{"taxonomy":"post_tag","embeddable":true,"href":"https:\/\/www.canal-literatura.es\/8certamen\/wp-json\/wp\/v2\/tags?post=121"}],"curies":[{"name":"wp","href":"https:\/\/api.w.org\/{rel}","templated":true}]}}