{"id":1233,"date":"2011-07-15T23:24:32","date_gmt":"2011-07-15T21:24:32","guid":{"rendered":"http:\/\/www.canal-literatura.es\/8certamen\/?p=1233"},"modified":"2011-07-16T08:08:49","modified_gmt":"2011-07-16T06:08:49","slug":"189-delfos-circense-por-eunice","status":"publish","type":"post","link":"https:\/\/www.canal-literatura.es\/8certamen\/189-delfos-circense-por-eunice\/","title":{"rendered":"189- Delfos Circense. Por Eunice"},"content":{"rendered":"<p>No deliberadamente dec\u00eda Delibes que la sombra del cipr\u00e9s era alargada.<\/p>\n<p>L\u00edbera atusa sus cabellos mientras mira a su yo en el espejo. Resopla desva\u00edda porque el rizo no se qued\u00f3 donde le hab\u00eda pedido al peluquero. <!--more-->Y es que era de orden mayor para el d\u00eda que le tocaba afrontar\u00a0 que todo estuviera en su sitio. La cintura entallada, los labios, frescos, perfecta y disimuladamente perfilados;\u00a0 el ombligo oculto pero en la zona \u00e1urea que le correspond\u00eda. Y en la base, unos pies j\u00f3nicos. Los llevaba calzados con unos maravillosos Manolos, que la constre\u00f1\u00edan hasta llegar casi al estallido de los pezones (especialmente m\u00e1s del seno izquierdo \u2013sabemos que la anatom\u00eda humana no es sim\u00e9trica aunque gracias a Cultura s\u00ed operable-). Todas y cada una de esas constricciones apuntaban hacia una tiran\u00eda que merec\u00eda la pena no sojuzgar. Un deber insuperable. El mismo que aleteaba libremente a su gusto y ejercicio.<\/p>\n<p>Lanzado de soslayo susurrar\u00eda que una no tan expresa fisura le abr\u00eda los rizos. Tambi\u00e9n le hac\u00eda soportar una alta dosis de sacrificio, esa perfecci\u00f3n venida a menos por sus propios inalcanzables ideales.<\/p>\n<p>L\u00edbera llevaba muchos a\u00f1os dedic\u00e1ndose a la pol\u00edtica. Tantos, que se hab\u00eda convertido en una verdadera pol\u00edtica. Sus medios eran sociales, sus recursos se desplegaban para y por el poder. Y hoy ten\u00eda uno de esos m\u00edtines jubilosos y seductores en los que hac\u00eda una despampanante tarea no ya de mostrar, sino de demostrar la importancia del papel de la mujer en la sociedad. Ella era muy consciente de la funci\u00f3n persuasiva de su discurso. Hab\u00eda de convencer a la ciudadan\u00eda, o al menos a una mayor\u00eda, que no mostraba a su vez ning\u00fan inter\u00e9s por ser convencida. Pero L\u00edbera cre\u00eda en la esperanza. Si no fuera por la constancia y la incesante lucha de mujeres, perd\u00f3n, mejor de personas<\/p>\n<p>como ella, el mundo no podr\u00eda recrearse en relatos que dicen llevar a casa por un camino de baldosas amarillas.<\/p>\n<p>Hac\u00eda g\u00e1rgaras y no paraba de gesticular \u2013fren\u00e9tica actividad- frente por frente a su especular imagen. Se aclaraba la voz, decid\u00eda c\u00f3mo ser\u00eda m\u00e1s correcta y cu\u00e1nto m\u00e1s eficaz la ret\u00f3rica.<\/p>\n<p>\u00a1F\u00edjate! \u2013pensaba- \u00a1qu\u00e9 cosas tienen los espejos! Me ofrece una imagen, me enfrenta a una rival, y deviene una vuelta pacificadora que vuelve a reunificarme. Y aqu\u00ed sigo, observando mis gestos, ensayando mi soliloquio, anticip\u00e1ndome a lo que dentro de unas horas ocurrir\u00e1.<\/p>\n<p>Alguna sensaci\u00f3n ti\u00f1\u00f3 tanta observaci\u00f3n. Se le atraves\u00f3 ese malestar que llevaba teniendo hac\u00eda algunos meses. La cruzaba, la escind\u00eda. Era como si sintiera que all\u00e1 por donde hallaba hogar aquel n\u00famero \u00e1ureo del que habl\u00e1bamos, asistiera perpleja una peque\u00f1a desconocida. Abism\u00e1tico. Y como estas sensaciones le incomodaban, decidi\u00f3 buscar ayuda. Hab\u00eda asistido ya a una docena de sesiones terap\u00e9uticas y su analista un d\u00eda le lanz\u00f3 una pregunta que le dejaron acongojada. Ahora resonaban esas palabras frente al eco aglutinado de su imagen\u2026..\u201dSabe usted colocarlo todo en su vida \u2013le dec\u00eda el experto- cada cosa est\u00e1 en su sitio, y \u00bfd\u00f3nde est\u00e1 colocada usted? \u00bfqu\u00e9 lugar ocupa en su propia vida?\u201d<\/p>\n<p>\u00a0\u00a0\u00a0 L\u00edbera no supo contestar y se sinti\u00f3 confrontada por este profesional al que no estaba pagando precisamente para que le hiciera preguntas. Sobre todo el impulso era firme, sinti\u00f3 que ten\u00eda que darle una respuesta. En casa se pas\u00f3 d\u00edas pens\u00e1ndola. Para empezar quer\u00eda una respuesta brillante, excelsa, que jam\u00e1s hubiera podido imaginar su analista. Acab\u00f3 extenuada bajo su propia losa de\u00a0 grandiosa expectaci\u00f3n, y en tanto \u00a0apareci\u00f3 entre la lucidez de la apat\u00eda una nueva pregunta que se hac\u00eda a s\u00ed misma<\/p>\n<p>\u00bfY por qu\u00e9 tiene que ser la respuesta brillante?<\/p>\n<p>Yo \u2013se dec\u00eda a s\u00ed misma- estoy acostumbrada a hacer discursos fastuosos, llenos de ingenio, pero no son para m\u00ed. Son para otros. \u00c9sos a los que tengo que embelesar, atraer, cautivar, fascinar, conmover, convencer. No me importa ni necesito que ellos me procesen ning\u00fan afecto, s\u00f3lo es necesario que se sientan atra\u00eddos por mis palabras. Ni siquiera es necesario que se sientan atra\u00eddos por m\u00ed. Porque \u2026\u2026..yo no soy mis palabras \u2013dec\u00eda casi atiplando la voz-\u00a0<\/p>\n<p>Le molest\u00f3 rabiosamente esa idea que hab\u00eda salido de sus labios. Pero tambi\u00e9n soy mis palabras (o eso pensaba). Ya no estaba segura. A\u00f1os y a\u00f1os tejidos en el esfuerzo de dominarlas. Para que se clavaran en su semblanza, para que fueran su semblanza misma.<\/p>\n<p>Se hab\u00eda dado cuenta del error. Sus palabras no eran suyas. Si lo fueran, \u00bfpor qu\u00e9 habr\u00eda de convencer a los dem\u00e1s? Si creo en algo o en alguien no tengo necesidad de que me convenzan. Sinti\u00f3 que en alg\u00fan lugar, en alg\u00fan momento ella misma fue convencida, ya no recordaba.<\/p>\n<p>Pero no pudo ser sin m\u00e1s ni m\u00e1s \u2013se dijo estremecida-\u00a0\u00a0<\/p>\n<p>El lugar de la sombra alargada ara\u00f1aba ahora las fibras de esta verdadera pol\u00edtica que sab\u00eda siempre qu\u00e9 decir a los dem\u00e1s.<\/p>\n<p>Cada cosa tiene que estar en su lugar \u2013se le vino a la mente-\u00a0\u00a0\u00a0<\/p>\n<p>\u00a1\u00a1\u00a1El\u00a0 mitin!!! \u2013se oy\u00f3 diciendo algo alarmada-\u00a0<\/p>\n<p>Y \u00a0la placidez de la seducci\u00f3n y de la exhibici\u00f3n volv\u00edan a recomponerla. Pura emoci\u00f3n que sab\u00eda controlar con familiaridad.<\/p>\n","protected":false},"excerpt":{"rendered":"<p>No deliberadamente dec\u00eda Delibes que la sombra del cipr\u00e9s era alargada. L\u00edbera atusa sus cabellos mientras mira a su yo en el espejo. Resopla desva\u00edda porque el rizo no se qued\u00f3 donde le hab\u00eda pedido al peluquero.<\/p>\n","protected":false},"author":1,"featured_media":0,"comment_status":"open","ping_status":"open","sticky":false,"template":"","format":"standard","meta":{"footnotes":""},"categories":[5],"tags":[],"class_list":["post-1233","post","type-post","status-publish","format-standard","hentry","category-relatos"],"amp_enabled":true,"_links":{"self":[{"href":"https:\/\/www.canal-literatura.es\/8certamen\/wp-json\/wp\/v2\/posts\/1233","targetHints":{"allow":["GET"]}}],"collection":[{"href":"https:\/\/www.canal-literatura.es\/8certamen\/wp-json\/wp\/v2\/posts"}],"about":[{"href":"https:\/\/www.canal-literatura.es\/8certamen\/wp-json\/wp\/v2\/types\/post"}],"author":[{"embeddable":true,"href":"https:\/\/www.canal-literatura.es\/8certamen\/wp-json\/wp\/v2\/users\/1"}],"replies":[{"embeddable":true,"href":"https:\/\/www.canal-literatura.es\/8certamen\/wp-json\/wp\/v2\/comments?post=1233"}],"version-history":[{"count":4,"href":"https:\/\/www.canal-literatura.es\/8certamen\/wp-json\/wp\/v2\/posts\/1233\/revisions"}],"predecessor-version":[{"id":1237,"href":"https:\/\/www.canal-literatura.es\/8certamen\/wp-json\/wp\/v2\/posts\/1233\/revisions\/1237"}],"wp:attachment":[{"href":"https:\/\/www.canal-literatura.es\/8certamen\/wp-json\/wp\/v2\/media?parent=1233"}],"wp:term":[{"taxonomy":"category","embeddable":true,"href":"https:\/\/www.canal-literatura.es\/8certamen\/wp-json\/wp\/v2\/categories?post=1233"},{"taxonomy":"post_tag","embeddable":true,"href":"https:\/\/www.canal-literatura.es\/8certamen\/wp-json\/wp\/v2\/tags?post=1233"}],"curies":[{"name":"wp","href":"https:\/\/api.w.org\/{rel}","templated":true}]}}