{"id":1268,"date":"2011-07-17T22:13:21","date_gmt":"2011-07-17T20:13:21","guid":{"rendered":"http:\/\/www.canal-literatura.es\/8certamen\/?p=1268"},"modified":"2011-07-25T14:32:57","modified_gmt":"2011-07-25T12:32:57","slug":"194-relatos-admitidos-a-concurso-comienza-la-votacion-del-premio-especial-del-publico","status":"publish","type":"post","link":"https:\/\/www.canal-literatura.es\/8certamen\/194-relatos-admitidos-a-concurso-comienza-la-votacion-del-premio-especial-del-publico\/","title":{"rendered":"194 relatos admitidos a concurso. Comienza la votaci\u00f3n del Premio Especial del P\u00fablico."},"content":{"rendered":"<p>Revisada toda la documentaci\u00f3n de los originales enviados en plazo, los\u00a0trabajos \u00a0admitidos definitivamente a concurso\u00a0 son\u00a0 los\u00a0194\u00a0\u00a0relatos subidos y disponibles en\u00a0esta web.<\/p>\n<h2><span style=\"color: #39c6c6;\">Normas de votaci\u00f3n para el Premio Especial del P\u00fablico:<\/span><\/h2>\n<p>Es importante leer detenidamente estas normas y\u00a0todas las \u00a0p\u00e1ginas de\u00a0esta web.<\/p>\n<h2>Primera fase<br \/>\n<strong><\/strong><\/h2>\n<p><strong>1<\/strong>-La votaci\u00f3n del p\u00fablico se realizar\u00e1 a trav\u00e9s de las\u00a0<strong>10 estrellas<\/strong>\u00a0que aparecer\u00e1n al final de cada relato.<br \/>\nPinchar en la d\u00e9cima estrella es la m\u00e1xima cualificaci\u00f3n pero s\u00f3lo sirve para valorar la media ya que lo que se computa es el n\u00famero de votos.<\/p>\n<p><strong>2<\/strong>-Esta votaci\u00f3n ser\u00e1 <strong>completamente libre<\/strong> sin intervenci\u00f3n ni control alguno. Cualquier circunstancia imprevista ser\u00e1 resuelta en cada caso, seg\u00fan el criterio de seguridad de nuestros t\u00e9cnicos.<\/p>\n<p><strong>3<\/strong>-Esta fase\u00a0\u00a0abierta del p\u00fablico general durar\u00e1 desde que\u00a0las estrellas est\u00e9n\u00a0disponibles hasta el 20 de agosto de 2011, siendo seleccionados para la segunda fase los\u00a0cinco relatos con mayor\u00a0<strong>n\u00famero de votos<\/strong>\u00a0.<\/p>\n<p>**************************************************************************<\/p>\n<h2>Segunda fase:<\/h2>\n<p><strong>1<\/strong>-A esta segunda fase pasar\u00e1n los\u00a0cinco relatos m\u00e1s votados por el p\u00fablico \u00a0general en la primera fase.<\/p>\n<p><strong>2<\/strong>-Siguiendo el criterio y las indicaciones de los concursantes de anteriores cert\u00e1menes, y tal como se hizo en el VII Certamen 2010,\u00a0se ha creado una\u00a0 segunda fase \u00a0para que sean los <strong>concursantes que participan<\/strong> los que finalmente otorguen el Premio Especial del p\u00fablico entre los\u00a0<strong>cinco \u00a0finalistas elegidos por el p\u00fablico general.<\/strong><\/p>\n<p><strong>Forma de votaci\u00f3n<\/strong><\/p>\n<p><strong>3<\/strong>&#8211; Esta votaci\u00f3n se realizar\u00e1 mediante un comentario realizado con el\u00a0<strong>seud\u00f3nimo oficial<\/strong>\u00a0del concursante y el\u00a0<strong>correo electr\u00f3nico<\/strong><strong>\u00a0<\/strong>que utiliz\u00f3 para enviar su documentaci\u00f3n al certamen.<\/p>\n<p><strong>4<\/strong>&#8211; En los relatos elegidos se dejar\u00e1 un comentario con el siguiente texto:\u00a0<strong>Voto por este relato.<\/strong><br \/>\nCada concursante podr\u00e1 votar a uno o varios relatos \u00a0finalistas,\u00a0 excepto el suyo si se encuentra entre ellos.<\/p>\n<p><strong>5<\/strong>-El relato m\u00e1s votado por los concursantes, ser\u00e1 el\u00a0<strong>ganador del Premio Especial del P\u00fablico 2011<\/strong><\/p>\n<p><strong>Rogamos a todos los concursantes que procuren participar en la segunda fase.<\/strong><\/p>\n<p><strong>************************************************************************<\/strong><\/p>\n<h2><span style=\"color: #39c6c6;\">Aclaraciones importantes:<\/span><\/h2>\n<p>El certamen tiene dos apartados bien diferenciados:<\/p>\n<p><strong>A-<\/strong> Finalistas seleccionados por un grupo de lectura experto que decide los 10\u00a0relatos \u00a0que pasan al jurado oficial del certamen presidido por <strong>Fernando Mar\u00edas<\/strong>. \u00a0De esos diez finalistas, saldr\u00e1n el primer, segundo y tercer premio que tienen dotaci\u00f3n econ\u00f3mica y trofeo.\u00a0<strong>El p\u00fablico lector de la web no participa en este apartado .<\/strong><strong>\u00a0<\/strong><\/p>\n<p><strong>B-<\/strong> Premio Especial del P\u00fablico. Este premio solo tiene un ganador y un trofeo, no tiene dotaci\u00f3n econ\u00f3mica (solo las aportaciones que quiera hacer el p\u00fablico lector).<br \/>\nEn la primera ronda, el p\u00fablico en general vota su\u00a0relato \u00a0favorito a trav\u00e9s de las estrellas que aparecen debajo de cada poema.\u00a0<strong>La votaci\u00f3n empieza en el momento que esas estrellas son visibles en la web \u00a0y se cerrar\u00e1 el\u00a020 de\u00a0agosto\u00a0 de 2011 a las 23:59 hora espa\u00f1ola.<\/strong><\/p>\n<p>Entre los\u00a0cinco finalistas elegidos por el\u00a0<strong>p\u00fablico general<\/strong>\u00a0ser\u00e1n exclusivamente los\u00a0<strong>194 concursantes <\/strong>quienes decidan el ganador tal y como se explica en el apartado n\u00ba3 de la segunda fase.<\/p>\n<p>La\u00a0votaci\u00f3n de los concursantes en la segunda ronda <strong>se har\u00e1\u00a0 desde el d\u00eda\u00a0 21 de agosto hasta el\u00a0 10 de septiembre <\/strong><strong><\/strong>y el ganador se publicar\u00e1 el mismo d\u00eda que los\u00a0 finalistas del certamen apr\u00f3ximadamente <strong>en torno al\u00a0\u00a015 de septiembre 2011.<\/strong><\/p>\n","protected":false},"excerpt":{"rendered":"<p>Revisada toda la documentaci\u00f3n de los originales enviados en plazo, los\u00a0trabajos \u00a0admitidos definitivamente a concurso\u00a0 son\u00a0 los\u00a0194\u00a0\u00a0relatos subidos y disponibles en\u00a0esta web. Normas de votaci\u00f3n para el Premio Especial del P\u00fablico: Es importante leer detenidamente estas normas y\u00a0todas las \u00a0p\u00e1ginas de\u00a0esta web. Primera fase 1-La votaci\u00f3n del p\u00fablico se realizar\u00e1 [&hellip;]<\/p>\n","protected":false},"author":1,"featured_media":0,"comment_status":"open","ping_status":"open","sticky":false,"template":"","format":"standard","meta":{"footnotes":""},"categories":[4],"tags":[],"class_list":["post-1268","post","type-post","status-publish","format-standard","hentry","category-noticias"],"amp_enabled":true,"_links":{"self":[{"href":"https:\/\/www.canal-literatura.es\/8certamen\/wp-json\/wp\/v2\/posts\/1268","targetHints":{"allow":["GET"]}}],"collection":[{"href":"https:\/\/www.canal-literatura.es\/8certamen\/wp-json\/wp\/v2\/posts"}],"about":[{"href":"https:\/\/www.canal-literatura.es\/8certamen\/wp-json\/wp\/v2\/types\/post"}],"author":[{"embeddable":true,"href":"https:\/\/www.canal-literatura.es\/8certamen\/wp-json\/wp\/v2\/users\/1"}],"replies":[{"embeddable":true,"href":"https:\/\/www.canal-literatura.es\/8certamen\/wp-json\/wp\/v2\/comments?post=1268"}],"version-history":[{"count":7,"href":"https:\/\/www.canal-literatura.es\/8certamen\/wp-json\/wp\/v2\/posts\/1268\/revisions"}],"predecessor-version":[{"id":1273,"href":"https:\/\/www.canal-literatura.es\/8certamen\/wp-json\/wp\/v2\/posts\/1268\/revisions\/1273"}],"wp:attachment":[{"href":"https:\/\/www.canal-literatura.es\/8certamen\/wp-json\/wp\/v2\/media?parent=1268"}],"wp:term":[{"taxonomy":"category","embeddable":true,"href":"https:\/\/www.canal-literatura.es\/8certamen\/wp-json\/wp\/v2\/categories?post=1268"},{"taxonomy":"post_tag","embeddable":true,"href":"https:\/\/www.canal-literatura.es\/8certamen\/wp-json\/wp\/v2\/tags?post=1268"}],"curies":[{"name":"wp","href":"https:\/\/api.w.org\/{rel}","templated":true}]}}