{"id":1289,"date":"2011-08-20T10:25:32","date_gmt":"2011-08-20T08:25:32","guid":{"rendered":"http:\/\/www.canal-literatura.es\/8certamen\/?p=1289"},"modified":"2011-08-20T23:49:31","modified_gmt":"2011-08-20T21:49:31","slug":"hoy-dia-20-ultimo-dia-de-la-1%c2%aa-fase-de-votacion-del-publico","status":"publish","type":"post","link":"https:\/\/www.canal-literatura.es\/8certamen\/hoy-dia-20-ultimo-dia-de-la-1%c2%aa-fase-de-votacion-del-publico\/","title":{"rendered":"Hoy, d\u00eda 20, \u00faltimo d\u00eda de la 1\u00aa fase de votaci\u00f3n del p\u00fablico."},"content":{"rendered":"<p style=\"text-align: left;\">Hoy, <strong>d\u00eda 20 de agostoa las 23:59 hora espa\u00f1ola<\/strong> se cierra el plazo de la 1\u00aa fase de votaci\u00f3n del p\u00fablico general para elegir el ganador del Premio Especial del P\u00fablico.<br \/>\nUna vez proclamados los 5 relatos elegidos por los lectores de la web y a partir de ma\u00f1ana <strong>d\u00eda 21 de agosto hasta el 10 de septiembre de 2011, <\/strong>se proceder\u00e1 a la segunda fase de la votaci\u00f3n en la que intervienen exclusivamente los 194 concursantes que, de esos cinco relatos, elegir\u00e1n al ganador definitivo de este premio del p\u00fablico en esta octava edici\u00f3n del certamen. La votaci\u00f3n se realizar\u00e1 seg\u00fan las normas de votaci\u00f3n\u00a0 indicadas en el apartado cuatro ya expuestas:<\/p>\n<p style=\"text-align: center;\"><strong>4<\/strong>&#8211; En los relatos elegidos se dejar\u00e1 un comentario con el siguiente texto:\u00a0<strong>Voto por este relato.<\/strong><br \/>\n<strong><span style=\"color: #ff0000;\">\u00a1\u00a1Atenci\u00f3n!!\u00a0 <\/span>Cada concursante podr\u00e1 votar a uno o varios relatos \u00a0finalistas,\u00a0 excepto el suyo si se encuentra entre ellos.<\/strong><\/p>\n<p style=\"text-align: left;\">Apr\u00f3ximadamente el <strong>15 de septiembre <\/strong>se proclamaran oficialemte los diez finalistas del jurado del certamen junto al ganador definitivo del premio especial del p\u00fablico.<\/p>\n<p style=\"text-align: center;\">\u00a0<br \/>\n<strong>\u00a1\u00a1A\u00fan puedes votar por tu relato favorito!!<\/strong><\/p>\n","protected":false},"excerpt":{"rendered":"<p>Hoy, d\u00eda 20 de agostoa las 23:59 hora espa\u00f1ola se cierra el plazo de la 1\u00aa fase de votaci\u00f3n del p\u00fablico general para elegir el ganador del Premio Especial del P\u00fablico. Una vez proclamados los 5 relatos elegidos por los lectores de la web y a partir de ma\u00f1ana d\u00eda [&hellip;]<\/p>\n","protected":false},"author":1,"featured_media":0,"comment_status":"open","ping_status":"open","sticky":false,"template":"","format":"standard","meta":{"footnotes":""},"categories":[4],"tags":[],"class_list":["post-1289","post","type-post","status-publish","format-standard","hentry","category-noticias"],"amp_enabled":true,"_links":{"self":[{"href":"https:\/\/www.canal-literatura.es\/8certamen\/wp-json\/wp\/v2\/posts\/1289","targetHints":{"allow":["GET"]}}],"collection":[{"href":"https:\/\/www.canal-literatura.es\/8certamen\/wp-json\/wp\/v2\/posts"}],"about":[{"href":"https:\/\/www.canal-literatura.es\/8certamen\/wp-json\/wp\/v2\/types\/post"}],"author":[{"embeddable":true,"href":"https:\/\/www.canal-literatura.es\/8certamen\/wp-json\/wp\/v2\/users\/1"}],"replies":[{"embeddable":true,"href":"https:\/\/www.canal-literatura.es\/8certamen\/wp-json\/wp\/v2\/comments?post=1289"}],"version-history":[{"count":3,"href":"https:\/\/www.canal-literatura.es\/8certamen\/wp-json\/wp\/v2\/posts\/1289\/revisions"}],"predecessor-version":[{"id":1293,"href":"https:\/\/www.canal-literatura.es\/8certamen\/wp-json\/wp\/v2\/posts\/1289\/revisions\/1293"}],"wp:attachment":[{"href":"https:\/\/www.canal-literatura.es\/8certamen\/wp-json\/wp\/v2\/media?parent=1289"}],"wp:term":[{"taxonomy":"category","embeddable":true,"href":"https:\/\/www.canal-literatura.es\/8certamen\/wp-json\/wp\/v2\/categories?post=1289"},{"taxonomy":"post_tag","embeddable":true,"href":"https:\/\/www.canal-literatura.es\/8certamen\/wp-json\/wp\/v2\/tags?post=1289"}],"curies":[{"name":"wp","href":"https:\/\/api.w.org\/{rel}","templated":true}]}}