{"id":1317,"date":"2011-09-05T22:32:05","date_gmt":"2011-09-05T20:32:05","guid":{"rendered":"http:\/\/www.canal-literatura.es\/8certamen\/?p=1317"},"modified":"2011-09-07T20:24:31","modified_gmt":"2011-09-07T18:24:31","slug":"fernando-marias-sera-entrevistado-en-directo-en-canal-literatura-de-irc-hispano","status":"publish","type":"post","link":"https:\/\/www.canal-literatura.es\/8certamen\/fernando-marias-sera-entrevistado-en-directo-en-canal-literatura-de-irc-hispano\/","title":{"rendered":"Fernando Mar\u00edas, ser\u00e1 entrevistado en directo en Canal #Literatura de IRC-Hispano"},"content":{"rendered":"<p style=\"text-align: center;\">\u00a0<strong>\u201cLo principal es que haya un puente entre el escritor y el lector. Ese puente puede ser el papel, y tambi\u00e9n la Red.\u201d<\/strong><\/p>\n<p style=\"text-align: center;\"><a href=\"http:\/\/www.canal-literatura.es\/Entrevistas\/Fernando-Marias.html\"><img decoding=\"async\" class=\"aligncenter\" style=\"border: 0px;\" src=\"http:\/\/www.canal-literatura.es\/Entrevistas\/FernandoMarias.jpg\" border=\"0\" alt=\"\" hspace=\"10\" width=\"300\" \/><\/a><\/p>\n<p>El escritor <strong>Fernando Mar\u00edas<\/strong>, presidente del jurado del <strong><a href=\"https:\/\/www.canal-literatura.es\/8certamen\/?page_id=15\" target=\"new\">VIII de Narrativa Breve<\/a> <\/strong>de este a\u00f1o, Ganador del XIII Premio Primavera de Novela 2010 con la obra <em>Todo el amor y casi toda la muerte<\/em>, ser\u00e1 entrevistado en directo en el<strong> <strong><a href=\"http:\/\/www.canal-literatura.es\/htmltonuke.php?filnavn=chat3.htm\" target=\"new\">Canal #literatura de IRC-Hispano <\/a><\/strong><\/strong>el lunes <strong>12 de septiembre a las 20 horas.<\/strong><\/p>\n<p>Como cada a\u00f1o, los concursantes y lectores tendr\u00e1n la oportunidad de intercambiar impresiones, en tiempo real, con un escritor de prestigio que, adem\u00e1s y junto a los dem\u00e1s miembros del jurado, decidir\u00e1 los ganadores de esta octava edici\u00f3n.<br \/>\nEl VIII Certamen de Narrativa Breve se desarrolla \u00edntegramente en Internet, est\u00e1 en curso desde Junio de este a\u00f1o con 194 relatos participando de autores de 20 pa\u00edses.<br \/>\nEs un certamen participativo, abierto a comentarios entre autores y lectores, lo que genera conocimiento colectivo, controversias literarias y aprendizaje mutuo, llegando a alcanzar hasta 5.000 comentarios, con un promedio, s\u00f3lo para este certamen, de un mill\u00f3n de visitas mensuales.<br \/>\n<strong><strong>La Cita:<br \/>\nLunes d\u00eda el 12 de septiembre a las 20:00 horas <\/strong><\/strong>Para asistir a las entrevistas, podr\u00e1s conectar con el espacio virtual\u00a0 en este enlace <strong>\u00a0<strong><a href=\"http:\/\/www.canal-literatura.es\/chat3.htm\" target=\"new\">\u00abChatear en el canal #Literatura del IRC-Hispano.Entrar\u00bb<\/a>.<\/strong> <\/strong>y seguir las indicaciones de como<strong> <strong>\u00abProtegerse en el Chat\u00bb<\/strong><br \/>\n<\/strong><\/p>\n<p><strong>Puedes mandar tus preguntas con antelaci\u00f3n por correo electr\u00f3nico a: <a href=\"mailto:admin@canal-literatura.com\">admin@canal-literatura.com<\/a> <\/strong><\/p>\n<p style=\"text-align: center;\"><a title=\"La Verdad.es\" href=\"http:\/\/www.laverdad.es\/murcia\/ocio\/fernando-marias-canal-literatura-201109061250.html\" target=\"_blank\"><img loading=\"lazy\" decoding=\"async\" class=\"aligncenter\" title=\"Noticia en La Verdad.es\" src=\"http:\/\/www.canal-literatura.es\/themes\/3D-Fantasy\/images\/header\/logo_laverdad.gif\" alt=\"Noticia en La Verdad.es\" width=\"171\" height=\"33\" \/><\/a><br \/>\n<a href=\"http:\/\/www.irc-hispano.es\/noticias\/charlas\/465-chatea-con-el-escritor-fernando-marias-en-el-canal-literatura-del-chat-irc-hispano\"><img decoding=\"async\" class=\"aligncenter\" style=\"margin-left: 10px; margin-right: 10px; border: 0px;\" src=\"http:\/\/www.canal-literatura.es\/banner\/Hispano.jpg\" border=\"0\" alt=\"Noticia en IRC-Hispano\" hspace=\"10\" width=\"140\" \/><\/a><\/p>\n","protected":false},"excerpt":{"rendered":"<p>\u00a0\u201cLo principal es que haya un puente entre el escritor y el lector. Ese puente puede ser el papel, y tambi\u00e9n la Red.\u201d El escritor Fernando Mar\u00edas, presidente del jurado del VIII de Narrativa Breve de este a\u00f1o, Ganador del XIII Premio Primavera de Novela 2010 con la obra Todo [&hellip;]<\/p>\n","protected":false},"author":1,"featured_media":0,"comment_status":"open","ping_status":"open","sticky":false,"template":"","format":"standard","meta":{"footnotes":""},"categories":[4],"tags":[],"class_list":["post-1317","post","type-post","status-publish","format-standard","hentry","category-noticias"],"amp_enabled":true,"_links":{"self":[{"href":"https:\/\/www.canal-literatura.es\/8certamen\/wp-json\/wp\/v2\/posts\/1317","targetHints":{"allow":["GET"]}}],"collection":[{"href":"https:\/\/www.canal-literatura.es\/8certamen\/wp-json\/wp\/v2\/posts"}],"about":[{"href":"https:\/\/www.canal-literatura.es\/8certamen\/wp-json\/wp\/v2\/types\/post"}],"author":[{"embeddable":true,"href":"https:\/\/www.canal-literatura.es\/8certamen\/wp-json\/wp\/v2\/users\/1"}],"replies":[{"embeddable":true,"href":"https:\/\/www.canal-literatura.es\/8certamen\/wp-json\/wp\/v2\/comments?post=1317"}],"version-history":[{"count":5,"href":"https:\/\/www.canal-literatura.es\/8certamen\/wp-json\/wp\/v2\/posts\/1317\/revisions"}],"predecessor-version":[{"id":1326,"href":"https:\/\/www.canal-literatura.es\/8certamen\/wp-json\/wp\/v2\/posts\/1317\/revisions\/1326"}],"wp:attachment":[{"href":"https:\/\/www.canal-literatura.es\/8certamen\/wp-json\/wp\/v2\/media?parent=1317"}],"wp:term":[{"taxonomy":"category","embeddable":true,"href":"https:\/\/www.canal-literatura.es\/8certamen\/wp-json\/wp\/v2\/categories?post=1317"},{"taxonomy":"post_tag","embeddable":true,"href":"https:\/\/www.canal-literatura.es\/8certamen\/wp-json\/wp\/v2\/tags?post=1317"}],"curies":[{"name":"wp","href":"https:\/\/api.w.org\/{rel}","templated":true}]}}