{"id":1324,"date":"2011-09-09T12:00:25","date_gmt":"2011-09-09T10:00:25","guid":{"rendered":"http:\/\/www.canal-literatura.es\/8certamen\/?p=1324"},"modified":"2011-09-28T22:35:02","modified_gmt":"2011-09-28T20:35:02","slug":"el-dia-10-de-septiembre-se-cierra-la-segunda-ronda-de-votaciones","status":"publish","type":"post","link":"https:\/\/www.canal-literatura.es\/8certamen\/el-dia-10-de-septiembre-se-cierra-la-segunda-ronda-de-votaciones\/","title":{"rendered":"El d\u00eda 10 de septiembre se cierra la segunda ronda de votaciones."},"content":{"rendered":"<p>Hoy, d\u00eda <strong>10 de septiembre a las 23:59 (hora espa\u00f1ola)<\/strong>, se cierra le plazo de la 2\u00aa ronde de votaciones para el <strong>Premio Especial del P\u00fablico <\/strong>en la que participan\u00a0 con derecho a voto los 194 concursantes y que pueden votar a los cinco finalistas de la primera ronda (exceptuando el propio si se encuentra entre ellos).<\/p>\n<p style=\"text-align: center;\">\u00a1\u00a1An\u00edmate a votar por tus relatos \u00a0favoritos!!<\/p>\n","protected":false},"excerpt":{"rendered":"<p>Hoy, d\u00eda 10 de septiembre a las 23:59 (hora espa\u00f1ola), se cierra le plazo de la 2\u00aa ronde de votaciones para el Premio Especial del P\u00fablico en la que participan\u00a0 con derecho a voto los 194 concursantes y que pueden votar a los cinco finalistas de la primera ronda (exceptuando [&hellip;]<\/p>\n","protected":false},"author":1,"featured_media":0,"comment_status":"open","ping_status":"open","sticky":false,"template":"","format":"standard","meta":{"footnotes":""},"categories":[4],"tags":[],"class_list":["post-1324","post","type-post","status-publish","format-standard","hentry","category-noticias"],"amp_enabled":true,"_links":{"self":[{"href":"https:\/\/www.canal-literatura.es\/8certamen\/wp-json\/wp\/v2\/posts\/1324","targetHints":{"allow":["GET"]}}],"collection":[{"href":"https:\/\/www.canal-literatura.es\/8certamen\/wp-json\/wp\/v2\/posts"}],"about":[{"href":"https:\/\/www.canal-literatura.es\/8certamen\/wp-json\/wp\/v2\/types\/post"}],"author":[{"embeddable":true,"href":"https:\/\/www.canal-literatura.es\/8certamen\/wp-json\/wp\/v2\/users\/1"}],"replies":[{"embeddable":true,"href":"https:\/\/www.canal-literatura.es\/8certamen\/wp-json\/wp\/v2\/comments?post=1324"}],"version-history":[{"count":4,"href":"https:\/\/www.canal-literatura.es\/8certamen\/wp-json\/wp\/v2\/posts\/1324\/revisions"}],"predecessor-version":[{"id":1491,"href":"https:\/\/www.canal-literatura.es\/8certamen\/wp-json\/wp\/v2\/posts\/1324\/revisions\/1491"}],"wp:attachment":[{"href":"https:\/\/www.canal-literatura.es\/8certamen\/wp-json\/wp\/v2\/media?parent=1324"}],"wp:term":[{"taxonomy":"category","embeddable":true,"href":"https:\/\/www.canal-literatura.es\/8certamen\/wp-json\/wp\/v2\/categories?post=1324"},{"taxonomy":"post_tag","embeddable":true,"href":"https:\/\/www.canal-literatura.es\/8certamen\/wp-json\/wp\/v2\/tags?post=1324"}],"curies":[{"name":"wp","href":"https:\/\/api.w.org\/{rel}","templated":true}]}}