{"id":1340,"date":"2011-09-15T11:03:07","date_gmt":"2011-09-15T09:03:07","guid":{"rendered":"http:\/\/www.canal-literatura.es\/8certamen\/?p=1340"},"modified":"2011-09-28T22:34:43","modified_gmt":"2011-09-28T20:34:43","slug":"finalistas-del-viii-certamen-de-narrativa-breve-2011","status":"publish","type":"post","link":"https:\/\/www.canal-literatura.es\/8certamen\/finalistas-del-viii-certamen-de-narrativa-breve-2011\/","title":{"rendered":"Finalistas del VIII Certamen de Narrativa Breve 2011"},"content":{"rendered":"<p>\ufeffEntre los 194 relatos enviados a concurso en esta octava edici\u00f3n, los diez seleccionados para pasar a la final de la que saldr\u00e1n los tres ganadores que decidir\u00e1 el jurado compuesto por <strong>Jos\u00e9 Belmonte Serrano, Pau P\u00e9rez L\u00f3pez, Ana M\u00aa Tom\u00e1s Olivares y Julia Mu\u00f1oz Ripoll,<\/strong> junto al presidente <strong>Fernando Mar\u00edas<\/strong>, son los relacionados a continuaci\u00f3n:<a href=\"http:\/\/www.canal-literatura.es\/htmltonuke.php?filnavn=kddpeque2010.html\"><img decoding=\"async\" class=\"alignright\" style=\"margin-left: 10px; margin-right: 10px; border: 0px;\" src=\"http:\/\/www.canal-literatura.es\/7certamen\/banner\/trodeoscanal-literatura.jpg\" border=\"0\" alt=\"\" hspace=\"10\" width=\"200\" align=\"right\" \/><\/a><\/p>\n<p>25&#8212; Cuando la niebla te envuelve&#8212;- Capit\u00e1n Wentworth<br \/>\n95&#8212; Tres colores&#8212;- Gretel<br \/>\n97&#8212; La soledad del h\u00e9roe&#8212;- C\u00e9firo<br \/>\n142&#8212; Marcos y la se\u00f1orita Cora&#8212;- Whistler<br \/>\n149&#8212; Ciento cinco&#8212;- Vyridia<br \/>\n150&#8212; La plantaci\u00f3n&#8212;- Archibaldo<br \/>\n152&#8212; El n\u00e1ufrago de la memoria&#8212;- Hiedra<br \/>\n176&#8212; El zepel\u00edn &#8212;- Flanelle<br \/>\n179&#8212; Danza contempor\u00e1nea&#8212;- Noski<br \/>\n182&#8212; Encontrar un destino&#8212;- Zelda Moon<\/p>\n<p>A todos ellos se les mandar\u00e1 un e-mail comunic\u00e1ndoles su selecci\u00f3n y los textos originales, escritos tal y como los mandaron sus autores, ser\u00e1n enviados al jurado que el d\u00eda 8 de octubre elegir\u00e1 a los tres ganadores.<\/p>\n<p>____________________<\/p>\n<p>Cerrada la votaci\u00f3n del P\u00fablico y hecho el recuento de votos de la segunda ronda (salvo error involuntario) el resultado ha sido el siguiente:<br \/>\n15- Bengasi, mayo de 2011. &#8211; Rafael &#8212;&#8212;&#8212;&#8212;&#8212;- &#8212;&#8212;24 votos\u00a0<br \/>\n175- El Secreto de Mademoiselle.- Ambrose Bierce &#8212; 24 votos<br \/>\n27- Matt. &#8211; Aval &#8212;&#8212;&#8212;&#8212;&#8212;&#8212;&#8212;&#8212;&#8212;&#8212;&#8212;&#8212;&#8212;&#8212;&#8212;-15 votos<br \/>\n149- Ciento cinco. &#8211; Vyridia &#8212;&#8212;&#8212;&#8212;&#8212;&#8212;&#8212;&#8212;&#8212;&#8212;&#8211;12 votos<br \/>\n6- Cu\u00e1ntas noches en vela. &#8211; Triana &#8212;&#8212;&#8212;&#8212;&#8212;&#8212;&#8212;- 10 votos<\/p>\n<p>Es la primera vez que se produce un empate para el premio del p\u00fablico\u00a0 y, aunque s\u00ed existe una norma de desempate para la primera ronda, no se ha especificado nunca un sistema de desempate para esta segunda, donde\u00a0\u00a0solo votan los concursantes.\u00a0 Por tanto, la Asociaci\u00f3n Canal Literatura ha considerado como la opci\u00f3n m\u00e1s equitativa otorgarlo\u00a0ex ecuo \u00a0a ambos concursantes. En pr\u00f3ximas ediciones se establecer\u00e1 un sistema de desempate en las normas previas.<\/p>\n<p>\u00a0\u00a0Los ganadores pues\u00a0 de este Premio especial que otorgan los lectores y concursantes del certamen son :<\/p>\n<p>\u00a0<strong>15- Bengasi, mayo de 2011. &#8211; Rafael\u00a0\u00a0\u00a0 y\u00a0 175- El Secreto de Mademoiselle.- Ambrose Bierce\u00a0.<\/strong><\/p>\n<p>Enhorabuena a los 10 finalistas y a\u00a0 los \u00a0Ganadores del Premio Especial del P\u00fablico. Desde aqu\u00ed agradecer a todos su ilusi\u00f3n por participar, comentar y sugerir. Es de destacar que esta edici\u00f3n ha sido una de las m\u00e1s emocionantes , constructivas y en donde la correcci\u00f3n ha sido la nota dominante.<\/p>\n<p>Los trofeos ya est\u00e1n preparados para ser entregados a los triunfadores, tanto del certamen de Narrativa como del certamen de Poemas y del premio Especial \u00abTras las Huellas de Ibn Arab\u00ed\u00bb.<br \/>\nLo m\u00e1s importante: <strong>Gracias a todos los concursantes por dejarnos leer vuestras historias.<\/strong><\/p>\n","protected":false},"excerpt":{"rendered":"<p>\ufeffEntre los 194 relatos enviados a concurso en esta octava edici\u00f3n, los diez seleccionados para pasar a la final de la que saldr\u00e1n los tres ganadores que decidir\u00e1 el jurado compuesto por Jos\u00e9 Belmonte Serrano, Pau P\u00e9rez L\u00f3pez, Ana M\u00aa Tom\u00e1s Olivares y Julia Mu\u00f1oz Ripoll, junto al presidente Fernando [&hellip;]<\/p>\n","protected":false},"author":1,"featured_media":0,"comment_status":"open","ping_status":"open","sticky":false,"template":"","format":"standard","meta":{"footnotes":""},"categories":[4],"tags":[],"class_list":["post-1340","post","type-post","status-publish","format-standard","hentry","category-noticias"],"amp_enabled":true,"_links":{"self":[{"href":"https:\/\/www.canal-literatura.es\/8certamen\/wp-json\/wp\/v2\/posts\/1340","targetHints":{"allow":["GET"]}}],"collection":[{"href":"https:\/\/www.canal-literatura.es\/8certamen\/wp-json\/wp\/v2\/posts"}],"about":[{"href":"https:\/\/www.canal-literatura.es\/8certamen\/wp-json\/wp\/v2\/types\/post"}],"author":[{"embeddable":true,"href":"https:\/\/www.canal-literatura.es\/8certamen\/wp-json\/wp\/v2\/users\/1"}],"replies":[{"embeddable":true,"href":"https:\/\/www.canal-literatura.es\/8certamen\/wp-json\/wp\/v2\/comments?post=1340"}],"version-history":[{"count":14,"href":"https:\/\/www.canal-literatura.es\/8certamen\/wp-json\/wp\/v2\/posts\/1340\/revisions"}],"predecessor-version":[{"id":1350,"href":"https:\/\/www.canal-literatura.es\/8certamen\/wp-json\/wp\/v2\/posts\/1340\/revisions\/1350"}],"wp:attachment":[{"href":"https:\/\/www.canal-literatura.es\/8certamen\/wp-json\/wp\/v2\/media?parent=1340"}],"wp:term":[{"taxonomy":"category","embeddable":true,"href":"https:\/\/www.canal-literatura.es\/8certamen\/wp-json\/wp\/v2\/categories?post=1340"},{"taxonomy":"post_tag","embeddable":true,"href":"https:\/\/www.canal-literatura.es\/8certamen\/wp-json\/wp\/v2\/tags?post=1340"}],"curies":[{"name":"wp","href":"https:\/\/api.w.org\/{rel}","templated":true}]}}