{"id":1379,"date":"2011-09-18T20:23:45","date_gmt":"2011-09-18T18:23:45","guid":{"rendered":"http:\/\/www.canal-literatura.es\/8certamen\/?p=1379"},"modified":"2011-09-18T20:25:26","modified_gmt":"2011-09-18T18:25:26","slug":"ganadores-del-premio-del-publico-y-otros-datos-del-viii-certamen","status":"publish","type":"post","link":"https:\/\/www.canal-literatura.es\/8certamen\/ganadores-del-premio-del-publico-y-otros-datos-del-viii-certamen\/","title":{"rendered":"Ganadores del Premio del P\u00fablico y otros datos del VIII Certamen"},"content":{"rendered":"<p>Ya podemos conocer a los ganadores de Premio Especial del P\u00fablico 2011 que, por primera vez en la historia de este certamen, se concede ex ecuo. Los dos, adem\u00e1s, \u00a0figuran entre los relatos m\u00e1s visitados y los comentaristas destacados de esta edici\u00f3n.<\/p>\n<p><a href=\"https:\/\/www.canal-literatura.es\/8certamen\/?page_id=22\" target=\"_blank\"><img loading=\"lazy\" decoding=\"async\" class=\"aligncenter\" title=\"Ganadores del Premio Especial del P\u00fablico\" src=\"https:\/\/www.canal-literatura.es\/8certamen\/finalistas\/Premiosdelpublico2011.jpg\" alt=\"Ganadores del Premio Especial del P\u00fablico\" width=\"350\" height=\"224\" \/><\/a><\/p>\n<p>Ambos concursantes han confirmado su asistencia a la entrega de premios el 8 de octubre en Murcia.<\/p>\n<p><em>*Pincha en la imagen para acceder a la p\u00e1gina de este premio especial\u00a0 que otorgan los lectores.<\/em><\/p>\n<h2>Otros datos del VIII Certamen<\/h2>\n<p>N\u00ba de visitas a relatos hasta el d\u00eda de hoy:<\/p>\n<p>15- Bengasi, mayo de 2011. Por Rafael : 3572 visitas<br \/>\n27- Matt. Por Aval &#8230;&#8230;&#8230;&#8230;&#8230;&#8230;&#8230;&#8230;&#8230;: 3228 visitas<br \/>\n6- Cu\u00e1ntas noches en vela. Por Triana : 3220\u00a0 visitas<br \/>\n175- El Secreto de Mademoiselle. Por Ambrose Bierce : 2801 visitas<br \/>\n13-Mi Alma M\u00eda. Por Mimajo&#8230;&#8230;&#8230;&#8230;&#8230;.: 2662 visitas<\/p>\n<p><strong>Comentarios aprobados: 4070<\/strong><\/p>\n<p>Seud\u00f3nimos con m\u00e1s comentarios al d\u00eda de hoy:<\/p>\n<p><strong>LUPE: 365 <\/strong>\u00a0comentarios<br \/>\n<strong>Moreda: 240\u00a0\u00a0\u00a0<\/strong>comentarios<br \/>\n<strong>\u00a0<\/strong>\u00a0\u00a0 <a href=\"http:\/\/www.canal-literatura.es\/htmltonuke.php?filnavn=Cosas_nuestras\/Compartiendodesdemexico.html\" target=\"_blank\">(Comentarista destacado en el a\u00f1o 2009\u00a0 con el seud\u00f3nimo<strong> encadenados\u00a0<\/strong>y en el \u00a02010 con el seud\u00f3nimo <strong>Laciudad<\/strong>)<\/a><br \/>\n<strong>Ambrose Bierce: 238\u00a0\u00a0<\/strong>comentarios<br \/>\n<strong>Rafael: 148\u00a0<\/strong>comentarios<br \/>\n<a href=\"http:\/\/www.canal-literatura.es\/Cosas_nuestras\/LUC-RafaelBorras.html\" target=\"_blank\">\u00a0 (Comentarista destacado en el a\u00f1o 2010\u00a0 con el seud\u00f3nimo LUC)<br \/>\n<\/a><strong>AVAL: 129\u00a0\u00a0<\/strong>comentarios<\/p>\n","protected":false},"excerpt":{"rendered":"<p>Ya podemos conocer a los ganadores de Premio Especial del P\u00fablico 2011 que, por primera vez en la historia de este certamen, se concede ex ecuo. Los dos, adem\u00e1s, \u00a0figuran entre los relatos m\u00e1s visitados y los comentaristas destacados de esta edici\u00f3n. Ambos concursantes han confirmado su asistencia a la [&hellip;]<\/p>\n","protected":false},"author":1,"featured_media":0,"comment_status":"open","ping_status":"open","sticky":false,"template":"","format":"standard","meta":{"footnotes":""},"categories":[4],"tags":[],"class_list":["post-1379","post","type-post","status-publish","format-standard","hentry","category-noticias"],"amp_enabled":true,"_links":{"self":[{"href":"https:\/\/www.canal-literatura.es\/8certamen\/wp-json\/wp\/v2\/posts\/1379","targetHints":{"allow":["GET"]}}],"collection":[{"href":"https:\/\/www.canal-literatura.es\/8certamen\/wp-json\/wp\/v2\/posts"}],"about":[{"href":"https:\/\/www.canal-literatura.es\/8certamen\/wp-json\/wp\/v2\/types\/post"}],"author":[{"embeddable":true,"href":"https:\/\/www.canal-literatura.es\/8certamen\/wp-json\/wp\/v2\/users\/1"}],"replies":[{"embeddable":true,"href":"https:\/\/www.canal-literatura.es\/8certamen\/wp-json\/wp\/v2\/comments?post=1379"}],"version-history":[{"count":6,"href":"https:\/\/www.canal-literatura.es\/8certamen\/wp-json\/wp\/v2\/posts\/1379\/revisions"}],"predecessor-version":[{"id":1398,"href":"https:\/\/www.canal-literatura.es\/8certamen\/wp-json\/wp\/v2\/posts\/1379\/revisions\/1398"}],"wp:attachment":[{"href":"https:\/\/www.canal-literatura.es\/8certamen\/wp-json\/wp\/v2\/media?parent=1379"}],"wp:term":[{"taxonomy":"category","embeddable":true,"href":"https:\/\/www.canal-literatura.es\/8certamen\/wp-json\/wp\/v2\/categories?post=1379"},{"taxonomy":"post_tag","embeddable":true,"href":"https:\/\/www.canal-literatura.es\/8certamen\/wp-json\/wp\/v2\/tags?post=1379"}],"curies":[{"name":"wp","href":"https:\/\/api.w.org\/{rel}","templated":true}]}}