{"id":1409,"date":"2011-09-22T13:55:27","date_gmt":"2011-09-22T11:55:27","guid":{"rendered":"http:\/\/www.canal-literatura.es\/8certamen\/?p=1409"},"modified":"2011-09-22T15:31:01","modified_gmt":"2011-09-22T13:31:01","slug":"el-otro-lado-del-certamen-la-organizacion","status":"publish","type":"post","link":"https:\/\/www.canal-literatura.es\/8certamen\/el-otro-lado-del-certamen-la-organizacion\/","title":{"rendered":"El otro lado del certamen: La organizaci\u00f3n."},"content":{"rendered":"<p>Queremos agradecer a todos,\u00a0 ante las numerosas felicitaciones a la organizaci\u00f3n de este certamen, ese \u00e1nimo que nos llega desde los comentarios o mensajes de los participantes y lectores.<\/p>\n<p>\u00a0Para ello creemos \u00a0que lo mejor es explicar quienes est\u00e1n en el \u201cOtro\u00a0lado del certamen\u201d. Una cara discreta \u00a0formada por personas de todo el mundo que dedican parte de su tiempo libre, sin m\u00e1s recompensa que su propia satisfacci\u00f3n y el amor por \u00a0las letras y que, <strong>de forma voluntaria y an\u00f3nima <\/strong>, se confabulan a\u00f1o a a\u00f1o en \u00a0torno a este proyecto y su directora\u00a0<strong>Luisa N\u00fa\u00f1ez<\/strong>, \u00a0para que este certamen sea posible.\u00a0<\/p>\n<p>El grupo de lectura, del que\u00a0 es imprescindible\u00a0mantener \u00a0el anonimato, est\u00e1 formado por profesores, miembros de las escuelas de escritores asociadas a este proyecto, \u00a0as\u00ed como por <strong>ganadores de anteriores cert\u00e1menes <\/strong>que pasan de recoger su trofeo, a leer y valorar \u00a0los relatos\u00a0 o poemas de las\u00a0ediciones siguientes.<strong>\u00a0<\/strong><\/p>\n<p>En el \u00a0caso de <strong>Antonia \u00c1lvarez y Luis Oroz<\/strong>, (ganadores del\u00a0 I y II Certamen \u201cPoemas sin Rostro\u201d) tras pasar por el grupo de lectura\u00a0 y dando un paso m\u00e1s en sus respectivas carreras,\u00a0 han llegado a ser jurados del mismo certamen \u00a0que ganaron pero cuatro ediciones despu\u00e9s.\u00a0<\/p>\n<p>El asesoramiento profesional de <strong>Jos\u00e9 Belmonte Serrano, Ana M\u00aa Tom\u00e1s Olivares, Pau P\u00e9rez L\u00f3pez y Julia Mu\u00f1oz Ripoll<\/strong>, miembros del jurado, que en esta ocasi\u00f3n preside <strong><em>Fernando Mar\u00edas<\/em><\/strong>,\u00a0 es una ayuda inestimable que nos brindan desinteresadamente desde su dilatada \u00a0experiencia literaria y buen criterio .\u00a0<\/p>\n<p>Tambi\u00e9n otras personas, en la parte t\u00e9cnica, como\u00a0 nuestro dise\u00f1ador <strong>Jos\u00e9 Miguel de San\u00a0 Pedro<\/strong>, los coordinadores del grupo de lectura\u00a0 <strong>Janna y \u00c1ngel Moreno<\/strong>, Los\u00a0 t\u00e9cnicos operadores de \u00a0red como <strong>Kania, LadyArdid, Sentencia o Sextavoce<\/strong>\u00a0\u00a0y muchos\u00a0 otros que operan desde cualquier punto de nuestra geograf\u00eda y en el extranjero.\u00a0<\/p>\n<p>Instituciones como\u00a0 la Red <strong>IRC-Hispano<\/strong>, El peri\u00f3dico <strong>La Verdad<\/strong>, \u00a0la empresa <strong>Asemur S.L <\/strong>que que nos da soporte t\u00e9cnico y jur\u00eddico y\u00a0 <strong>\u00a0Ediciones Tres Fronteras <\/strong>que , como parte de \u00a0la Consejer\u00eda de Cultura de la Regi\u00f3n de Murcia, hace posible la edici\u00f3n del libro conmemorativo.\u00a0<\/p>\n<p><strong>Desde\u00a0hoy mismo, \u00a0dejamos aqu\u00ed\u00a0 la propuesta a los ganadores de esta edici\u00f3n del\u00a0 certamen para que se sumen en las pr\u00f3ximas ediciones\u00a0 al \u201cOtro lado del certamen.\u201d<\/strong>\u00a0<\/p>\n<p>Y porque esta Web la hacemos entre todos, est\u00e1n a vuestra disposici\u00f3n para publicar, comentar y manteneros en contacto, todas las\u00a0 secciones de la misma\u00a0 y que conforman el\u00a0<strong>\u00a0<a href=\"http:\/\/www.canal-literatura.es\/\" target=\"_blank\">Portal Canal Literatura<\/a>.<\/strong> (Foro, Blog, Noticias, Cert\u00e1menes, Zona Literaria: Cosas Nuestras, Relatos, Reflexiones, Art\u00edculos, etc.)<\/p>\n<p>La organizaci\u00f3n, tambien quiere agradecer el buen tono y la cordialidad mantenida por concursantes y lectores\u00a0en esta edici\u00f3n.<\/p>\n","protected":false},"excerpt":{"rendered":"<p>Queremos agradecer a todos,\u00a0 ante las numerosas felicitaciones a la organizaci\u00f3n de este certamen, ese \u00e1nimo que nos llega desde los comentarios o mensajes de los participantes y lectores. \u00a0Para ello creemos \u00a0que lo mejor es explicar quienes est\u00e1n en el \u201cOtro\u00a0lado del certamen\u201d. Una cara discreta \u00a0formada por personas [&hellip;]<\/p>\n","protected":false},"author":1,"featured_media":0,"comment_status":"open","ping_status":"open","sticky":false,"template":"","format":"standard","meta":{"footnotes":""},"categories":[4],"tags":[],"class_list":["post-1409","post","type-post","status-publish","format-standard","hentry","category-noticias"],"amp_enabled":true,"_links":{"self":[{"href":"https:\/\/www.canal-literatura.es\/8certamen\/wp-json\/wp\/v2\/posts\/1409","targetHints":{"allow":["GET"]}}],"collection":[{"href":"https:\/\/www.canal-literatura.es\/8certamen\/wp-json\/wp\/v2\/posts"}],"about":[{"href":"https:\/\/www.canal-literatura.es\/8certamen\/wp-json\/wp\/v2\/types\/post"}],"author":[{"embeddable":true,"href":"https:\/\/www.canal-literatura.es\/8certamen\/wp-json\/wp\/v2\/users\/1"}],"replies":[{"embeddable":true,"href":"https:\/\/www.canal-literatura.es\/8certamen\/wp-json\/wp\/v2\/comments?post=1409"}],"version-history":[{"count":8,"href":"https:\/\/www.canal-literatura.es\/8certamen\/wp-json\/wp\/v2\/posts\/1409\/revisions"}],"predecessor-version":[{"id":1413,"href":"https:\/\/www.canal-literatura.es\/8certamen\/wp-json\/wp\/v2\/posts\/1409\/revisions\/1413"}],"wp:attachment":[{"href":"https:\/\/www.canal-literatura.es\/8certamen\/wp-json\/wp\/v2\/media?parent=1409"}],"wp:term":[{"taxonomy":"category","embeddable":true,"href":"https:\/\/www.canal-literatura.es\/8certamen\/wp-json\/wp\/v2\/categories?post=1409"},{"taxonomy":"post_tag","embeddable":true,"href":"https:\/\/www.canal-literatura.es\/8certamen\/wp-json\/wp\/v2\/tags?post=1409"}],"curies":[{"name":"wp","href":"https:\/\/api.w.org\/{rel}","templated":true}]}}