{"id":1766,"date":"2011-11-15T12:16:19","date_gmt":"2011-11-15T10:16:19","guid":{"rendered":"http:\/\/www.canal-literatura.es\/8certamen\/?p=1766"},"modified":"2011-11-15T12:16:48","modified_gmt":"2011-11-15T10:16:48","slug":"rafael-borras-nuevo-colaborador-de-canal-literatura","status":"publish","type":"post","link":"https:\/\/www.canal-literatura.es\/8certamen\/rafael-borras-nuevo-colaborador-de-canal-literatura\/","title":{"rendered":"Rafael Borr\u00e1s, nuevo colaborador de Canal Literatura"},"content":{"rendered":"<p><a href=\"http:\/\/www.canal-literatura.es\/htmltonuke.php?filnavn=Colaboradores.html\" target=\"_blank\"><img decoding=\"async\" title=\"\" src=\"http:\/\/www.canal-literatura.es\/desdemisillin\/RafaelBorras-P.jpg\" alt=\"\" width=\"100\" align=\"right\" border=\"0\" hspace=\"10\" \/><\/a> <strong>Rafael Borr\u00e1s<\/strong> ganador de este a\u00f1o del Premio Especial del p\u00fablico junto a <strong>\u00c1ngel Guardiola<\/strong> del VIII certamen de Narrativa Breve y habitual en los concursos desde hace a\u00f1os, pasa desde hoy a formar parte de los colaboradores habituales de Canal Literatura con la secci\u00f3n <strong>\u00abDesde mi sill\u00edn\u00bb<\/strong>.<br \/>\nPinchando en la imagen puedes acceder directamente a la secci\u00f3n Colaboradores d\u00f3nde explica su dedicaci\u00f3n al arte de escribir y donde adem\u00e1s figuran todos los escritores que en alg\u00fan momento han participado activamente en este apartado.<br \/>\n<strong>Canal Literatura<\/strong> siempre esta abierta a las sugerencias y participaci\u00f3n de todos aquellos escritores que han demostrado compromiso con esta iniciativa y nuestras p\u00e1ginas estan abiertas para todo aquel que quiera publicar en este medio. Damos la bienvenida a Rafael en esta nueva etapa de colaboraci\u00f3n.<\/p>\n","protected":false},"excerpt":{"rendered":"<p>Rafael Borr\u00e1s ganador de este a\u00f1o del Premio Especial del p\u00fablico junto a \u00c1ngel Guardiola del VIII certamen de Narrativa Breve y habitual en los concursos desde hace a\u00f1os, pasa desde hoy a formar parte de los colaboradores habituales de Canal Literatura con la secci\u00f3n \u00abDesde mi sill\u00edn\u00bb. Pinchando en [&hellip;]<\/p>\n","protected":false},"author":1,"featured_media":0,"comment_status":"open","ping_status":"open","sticky":false,"template":"","format":"standard","meta":{"footnotes":""},"categories":[4],"tags":[],"class_list":["post-1766","post","type-post","status-publish","format-standard","hentry","category-noticias"],"amp_enabled":true,"_links":{"self":[{"href":"https:\/\/www.canal-literatura.es\/8certamen\/wp-json\/wp\/v2\/posts\/1766","targetHints":{"allow":["GET"]}}],"collection":[{"href":"https:\/\/www.canal-literatura.es\/8certamen\/wp-json\/wp\/v2\/posts"}],"about":[{"href":"https:\/\/www.canal-literatura.es\/8certamen\/wp-json\/wp\/v2\/types\/post"}],"author":[{"embeddable":true,"href":"https:\/\/www.canal-literatura.es\/8certamen\/wp-json\/wp\/v2\/users\/1"}],"replies":[{"embeddable":true,"href":"https:\/\/www.canal-literatura.es\/8certamen\/wp-json\/wp\/v2\/comments?post=1766"}],"version-history":[{"count":2,"href":"https:\/\/www.canal-literatura.es\/8certamen\/wp-json\/wp\/v2\/posts\/1766\/revisions"}],"predecessor-version":[{"id":1768,"href":"https:\/\/www.canal-literatura.es\/8certamen\/wp-json\/wp\/v2\/posts\/1766\/revisions\/1768"}],"wp:attachment":[{"href":"https:\/\/www.canal-literatura.es\/8certamen\/wp-json\/wp\/v2\/media?parent=1766"}],"wp:term":[{"taxonomy":"category","embeddable":true,"href":"https:\/\/www.canal-literatura.es\/8certamen\/wp-json\/wp\/v2\/categories?post=1766"},{"taxonomy":"post_tag","embeddable":true,"href":"https:\/\/www.canal-literatura.es\/8certamen\/wp-json\/wp\/v2\/tags?post=1766"}],"curies":[{"name":"wp","href":"https:\/\/api.w.org\/{rel}","templated":true}]}}