{"id":1785,"date":"2014-01-24T19:52:48","date_gmt":"2014-01-24T17:52:48","guid":{"rendered":"http:\/\/www.canal-literatura.es\/8certamen\/?p=1785"},"modified":"2014-01-29T20:04:59","modified_gmt":"2014-01-29T18:04:59","slug":"canal-literatura-definiendo-el-futuro-prologo-de-fernando-marias-para-el-libro-de-este-certamen","status":"publish","type":"post","link":"https:\/\/www.canal-literatura.es\/8certamen\/canal-literatura-definiendo-el-futuro-prologo-de-fernando-marias-para-el-libro-de-este-certamen\/","title":{"rendered":"\u00abCanal Literatura: Definiendo el futuro\u00bb. Pr\u00f3logo de Fernando Mar\u00edas para el libro de este certamen."},"content":{"rendered":"<p><a href=\"http:\/\/canal-literatura.com\/blog\/noticias\/relatos-en-el-canal-8-libro-conmemorativo-del-viii-certamen-de-narrativa-breve\/\" target=\"_blank\"><img loading=\"lazy\" decoding=\"async\" class=\"size-full wp-image-25092 alignleft\" style=\"margin-left: 10px; margin-right: 10px;\" title=\"Relatos en el canal 8 -2013\" alt=\"Relatos en el canal 8 -2013\" src=\"http:\/\/canal-literatura.com\/wp-content\/uploads\/2014\/01\/libro8-200jpg.jpg\" width=\"200\" height=\"285\" \/><\/a><\/p>\n<p><img loading=\"lazy\" decoding=\"async\" class=\"alignright\" style=\"line-height: 1.5em; margin-left: 10px; margin-right: 10px;\" title=\"Fernando Mar\u00edas\" alt=\"Fernando Mar\u00edas\" src=\"http:\/\/canal-literatura.com\/fotos\/fernando-marias2011-v.jpg\" width=\"180\" height=\"271\" \/><\/p>\n<p style=\"text-align: justify;\">Gracias a la Regi\u00f3n de Murcia y a \u00a0<a href=\"http:\/\/www.tresfronteras.es\/TresFronteras\/titulo.jsf?codtitulo=MAT_31\" target=\"_blank\">Ediciones Tres Fronteras<\/a>, \u00a0la Asociaci\u00f3n Canal Literatura\u00a0 ha podido lanzar \u00a0la edici\u00f3n del octavo libro \u00a0de su colecci\u00f3n y tiene en preparaci\u00f3n el noveno, que saldr\u00e1 en breve. En un encuentro \u00a0de la Presidenta de la Asociaci\u00f3n,\u00a0 Luisa N\u00fa\u00f1ez, con Fernando Mar\u00edas \u00a0se comentaron los aspectos del nuevo dise\u00f1o y se realiz\u00f3 el v\u00eddeo de presentaci\u00f3n para Internet.<\/p>\n<p style=\"text-align: justify;\"><span style=\"line-height: 1.5em;\">Este libro recoge los trabajos finalistas, ganadores y premio del p\u00fablico del VIII Certamen de Narrativa Breve, que presidi\u00f3 el escritor <\/span><strong style=\"line-height: 1.5em;\">Fernando Mar\u00edas<\/strong><span style=\"line-height: 1.5em;\"> y representa el recuerdo de un a\u00f1o entero de trabajo literario en Internet con una selecci\u00f3n de relatos que demuestran que el \u00abGenio Plebeyo\u00bb, los escritores noveles, plasman la realidad que viven con libertad, con ingenio o crudeza, pero todos con\u00a0dominio de una de \u00a0las t\u00e9cnicas narrativas m\u00e1s dif\u00edciles: el cuento.<\/span><\/p>\n<p style=\"text-align: justify;\">Canal Literatura, en el \u00e1mbito literario, puede considerarse la primera web 2.0 participativa que congreg\u00f3 a una comunidad capaz de proponer, discutir y decidir su propio futuro. Tambi\u00e9n es considerado como un proyecto de desarrollo en una sociedad culturalmente avanzada que precisa dar cauce a una tremenda producci\u00f3n y\u00a0 creaci\u00f3n literaria\u00a0 que los soportes tradicionales no pueden acoger.<\/p>\n<p style=\"text-align: justify;\"><span style=\"line-height: 1.5em;\">En el pr\u00f3logo titulado <strong>\u00ab<\/strong><\/span><strong style=\"line-height: 1.5em;\"><a href=\"http:\/\/canal-literatura.com\/blog\/zona-literaria\/canal-literatura-definiendo-el-futuro-prologo-del-libro-relats-en-el-canal-viii-2011-por-fernando-marias\/\" target=\"_blank\">Canal Literatura: Definiendo el futuro<\/a>\u00ab,<\/strong><span style=\"line-height: 1.5em;\"> con \u00a0el que <\/span><strong style=\"line-height: 1.5em;\">Fernando Mar\u00edas<\/strong><span style=\"line-height: 1.5em;\"> encabeza este volumen, nos dice lo siguiente:<\/span><\/p>\n<p style=\"text-align: justify;\">\u00abUna caracter\u00edstica que describe a los verdaderos navegantes \u2014viajen por mar, por el cielo o por Internet, aqu\u00ed el sustantivo los engloba a todos\u2014 es su capacidad de interesarse, y de interesarse sin temor, por cuanto habita m\u00e1s all\u00e1 del horizonte. Dir\u00eda que esta es la primera se\u00f1a de identidad del concepto Canal Literatura y\u00a0de quienes lo hacen posible.\u00bb<\/p>\n<p>M\u00e1s adelante aventura las definiciones posibles de este proyecto con estas palabras:<\/p>\n<p style=\"text-align: justify;\">\u00ab\u00bfEs una editorial adelantada a su tiempo? \u00bfEs un centro de experimentaci\u00f3n creativa, un taller de vanguardia? \u00bfEs una suerte de centro independiente \u2014muy independiente\u2014 emisor de televisi\u00f3n a su manera, radio a su manera, prensa a su manera? \u00bfEs una plataforma de expresi\u00f3n abierta a todo el que quiera expresarse? Lo cierto es que no es ninguna de estas cosas, aunque en determinados momentos cumple la funci\u00f3n de aglutinar caracter\u00edsticas de todas. Canal Literatura ha sabido reunir a much\u00edsimos escritores que, no teniendo lugar para editar algunos de sus textos en otro formato, los publican aqu\u00ed. Es una forma nueva de editar y de leer, avalada por una d\u00e9cada de experiencia y por su propia capacidad de respuesta, que bien a la vista est\u00e1.\u00bb<\/p>\n<p style=\"text-align: justify;\"><em><strong>Fernando Mar\u00edas<\/strong><\/em><\/p>\n<p><em>\u00a0<\/em><\/p>\n<h2 style=\"text-align: center;\"><strong>\u00a0Presentaci\u00f3n del libro Relatos en el Canal 8, 2013\u00a0<\/strong><\/h2>\n<p><center><object width=\"560\" height=\"315\" classid=\"clsid:d27cdb6e-ae6d-11cf-96b8-444553540000\" codebase=\"http:\/\/download.macromedia.com\/pub\/shockwave\/cabs\/flash\/swflash.cab#version=6,0,40,0\"><param name=\"allowFullScreen\" value=\"true\" \/><param name=\"allowscriptaccess\" value=\"always\" \/><param name=\"src\" value=\"\/\/www.youtube.com\/v\/8hdvQQogvh0?version=3&amp;hl=es_ES\" \/><param name=\"allowfullscreen\" value=\"true\" \/><embed width=\"560\" height=\"315\" type=\"application\/x-shockwave-flash\" src=\"\/\/www.youtube.com\/v\/8hdvQQogvh0?version=3&amp;hl=es_ES\" allowFullScreen=\"true\" allowscriptaccess=\"always\" allowfullscreen=\"true\" \/><\/object><\/center><\/p>\n<p style=\"text-align: left;\">Fecha de aparici\u00f3n: Noviembre 2013<br \/>\nEdiciones Tres Fronteras \u2013 Asociaci\u00f3n Canal Literatura<br \/>\nISBN: 978-84-7564-636-7<br \/>\nD\u00e9posito L\u00e9gal: MU-1286-2013<br \/>\nPrecio: 10 euros<br \/>\nPatrocinado por: Regi\u00f3n de Murcia<\/p>\n<p>Puedes pedirlo a la Asociaci\u00f3n Canal Literatura al correo relatos@canal-literatura.com<\/p>\n<p><a href=\"http:\/\/www.laverdad.es\/murcia\/ocio\/canal-literatura-presentacion-libro-201401271655.html\" target=\"_blank\"><img decoding=\"async\" alt=\"La Verdad.es\" src=\"http:\/\/www.canal-literatura.es\/themes\/3D-Fantasy\/images\/header\/logo_laverdad.gif\" \/><\/a><\/p>\n<p><a href=\"http:\/\/www.laverdad.es\/murcia\/ocio\/canal-literatura-presentacion-libro-201401271655.html\" target=\"_blank\">Noticia en el peri\u00f3dico LaVerdad.es<\/a><\/p>\n<p><a href=\"http:\/\/canal-literatura.com\/blog\/blog-literatura\/fernando-marias-presenta-el-libro-relatos-en-el-canal-8-2013\/\" target=\"_blank\">Noticia en Canal Literatura<\/a><\/p>\n","protected":false},"excerpt":{"rendered":"<p>Gracias a la Regi\u00f3n de Murcia y a \u00a0Ediciones Tres Fronteras, \u00a0la Asociaci\u00f3n Canal Literatura\u00a0 ha podido lanzar \u00a0la edici\u00f3n del octavo libro \u00a0de su colecci\u00f3n y tiene en preparaci\u00f3n el noveno, que saldr\u00e1 en breve. En un encuentro \u00a0de la Presidenta de la Asociaci\u00f3n,\u00a0 Luisa N\u00fa\u00f1ez, con Fernando Mar\u00edas [&hellip;]<\/p>\n","protected":false},"author":1,"featured_media":0,"comment_status":"open","ping_status":"open","sticky":false,"template":"","format":"standard","meta":{"footnotes":""},"categories":[4],"tags":[22,20,10,21],"class_list":["post-1785","post","type-post","status-publish","format-standard","hentry","category-noticias","tag-canal-literatura","tag-fernando-marias","tag-libros","tag-relatos-en-el-canal-8"],"amp_enabled":true,"_links":{"self":[{"href":"https:\/\/www.canal-literatura.es\/8certamen\/wp-json\/wp\/v2\/posts\/1785","targetHints":{"allow":["GET"]}}],"collection":[{"href":"https:\/\/www.canal-literatura.es\/8certamen\/wp-json\/wp\/v2\/posts"}],"about":[{"href":"https:\/\/www.canal-literatura.es\/8certamen\/wp-json\/wp\/v2\/types\/post"}],"author":[{"embeddable":true,"href":"https:\/\/www.canal-literatura.es\/8certamen\/wp-json\/wp\/v2\/users\/1"}],"replies":[{"embeddable":true,"href":"https:\/\/www.canal-literatura.es\/8certamen\/wp-json\/wp\/v2\/comments?post=1785"}],"version-history":[{"count":5,"href":"https:\/\/www.canal-literatura.es\/8certamen\/wp-json\/wp\/v2\/posts\/1785\/revisions"}],"predecessor-version":[{"id":1788,"href":"https:\/\/www.canal-literatura.es\/8certamen\/wp-json\/wp\/v2\/posts\/1785\/revisions\/1788"}],"wp:attachment":[{"href":"https:\/\/www.canal-literatura.es\/8certamen\/wp-json\/wp\/v2\/media?parent=1785"}],"wp:term":[{"taxonomy":"category","embeddable":true,"href":"https:\/\/www.canal-literatura.es\/8certamen\/wp-json\/wp\/v2\/categories?post=1785"},{"taxonomy":"post_tag","embeddable":true,"href":"https:\/\/www.canal-literatura.es\/8certamen\/wp-json\/wp\/v2\/tags?post=1785"}],"curies":[{"name":"wp","href":"https:\/\/api.w.org\/{rel}","templated":true}]}}