{"id":228,"date":"2011-06-02T23:27:25","date_gmt":"2011-06-02T21:27:25","guid":{"rendered":"http:\/\/www.canal-literatura.es\/8certamen\/?p=228"},"modified":"2011-06-03T00:05:42","modified_gmt":"2011-06-02T22:05:42","slug":"12-el-compromiso-por-salome","status":"publish","type":"post","link":"https:\/\/www.canal-literatura.es\/8certamen\/12-el-compromiso-por-salome\/","title":{"rendered":"12- El compromiso. Por Salom\u00e9"},"content":{"rendered":"<p>Era un  d\u00eda precioso que invitaba a pasear entre las plazas del centro de la ciudad, acababa de celebrar mi veintisiete cumplea\u00f1os  y  me regal\u00e9 unas horas para callejear entre ese mont\u00f3n de tiendas y el bullicio que te engulle y neutraliza haci\u00e9ndote invisible. Sin embargo cualquier rinc\u00f3n puede depararte una sorpresa.<!--more--><\/p>\n<p>&#8211;  \u00a1Santo cielo! \u00bfEres t\u00fa?<\/p>\n<p>Antes de darme cuenta tenia a una se\u00f1ora  d\u00e1ndome dos cari\u00f1osos besos sin que pudiera recordar su nombre. Mientras me preguntaba, alguno de sus  gestos  me parec\u00edan familiares, pero era incapaz se situarla en mi memoria. Tras unos minutos de conversaci\u00f3n intrascendente  no tuve m\u00e1s remedio que claudicar, pedir disculpas  y, con una sonrisa cort\u00e9s, preguntarle de que nos conoc\u00edamos.<\/p>\n<p>Se qued\u00f3 mir\u00e1ndome  un tanto incr\u00e9dula  pero respondi\u00f3 r\u00e1pidamente.<\/p>\n<p>-\u00bfTienes tiempo para un caf\u00e9?  Quiz\u00e1 necesite algo de tiempo para explic\u00e1rtelo.<\/p>\n<p>Ten\u00eda todo el d\u00eda,  hac\u00eda s\u00f3lo un par de meses que estaba en la ciudad , el traslado, la b\u00fasqueda de trabajo , el contacto con algunos familiares, amigos y  conocidos me hab\u00eda tenido muy ocupada, as\u00ed que al fin pod\u00eda disfrutar unas horas y desconectar de todo lo que hab\u00eda pasado los \u00faltimos y ca\u00f3ticos meses de mi vida. Pero estaba visto que no iba a ser as\u00ed y en definitiva, pens\u00e1ndolo bien, tampoco me importaba demasiado.<\/p>\n<p>Nos fuimos a tomar algo a un restaurante cercano mientras me explicaba que esta ciudad representaba  mucho para ella y que a pesar de llevar  40 a\u00f1os viviendo aqu\u00ed no hab\u00eda perdido un \u00e1pice de su encanto. Yo la miraba repas\u00e1ndola de arriba abajo. Era esbelta y vest\u00eda con gusto y a pesar de que  me parec\u00eda bastante mayor, estaba discretamente maquillada y  conservaba una belleza que irradiaba optimismo, quiz\u00e1 porque sonre\u00eda constantemente.<\/p>\n<p>Me habl\u00f3 de mis padres, de lo mucho que tuvieron que pasar en a\u00f1os de precariedad  para sacarnos adelante en una sociedad pobre, pacata y reprimida.<\/p>\n<p>&#8211; Deber\u00edas ser m\u00e1s comprensiva con ellos-<\/p>\n<p>Desconcertada trat\u00e9 de preguntarle otra vez de qu\u00e9 nos conoc\u00edamos, pero alz\u00f3 la mano  e insisti\u00f3 en que la diera tiempo y \u00a1que remedio!  se lo conced\u00ed  ciertamente intrigada.<\/p>\n<p>Sigui\u00f3 habl\u00e1ndome de mis hermanos, d\u00e1ndome algunas claves de sus actitudes despectivas e intransigentes conmigo.<\/p>\n<p>&#8211; Ellos no pueden entenderte, pero no es culpa suya ni tuya. No s\u00f3lo sois muy diferentes, t\u00fa eres inteligente y tienes un coraje que  admiran profundamente pero al mismo tiempo envidian con encono. Y tendr\u00e1s que vivir con eso.<\/p>\n<p>No sal\u00eda de mi asombro, pero tampoco quise interrumpirla de nuevo, todo lo que dec\u00eda tenia sentido. Mis problemas familiares, part\u00edan de  la falta de aceptaci\u00f3n de mi forma de ser independiente. Quer\u00eda  estudiar mucho, irme a una gran ciudad y vivir sola pero, sobre todo,  ten\u00eda la  necesidad absoluta de aspirar a encontrar mi propio camino frente a la imposici\u00f3n de una vida claramente programada desde un orden que yo ni comprend\u00eda ni aceptaba. Todo ese choque familiar me hizo enfermar hasta el punto de caer en una profunda depresi\u00f3n.  Probablemente  mi memoria estaba trastocada tras los meses de largo tratamiento que hab\u00eda tenido que afrontar y  quiz\u00e1 esa era la raz\u00f3n de no encuadrarla convenientemente entre las  amigas de mi madre o de la familia.<\/p>\n<p>&#8211; En cuanto al amor, v\u00edvelo intensa y honestamente, pero no esperes  demasiado.No abandones tus ilusiones, sujeta el tim\u00f3n de tu vida a pesar del cansancio,  eso te ir\u00e1 desgastando pero no caigas en la tentaci\u00f3n de dejarte embaucar por los halagos o las caranto\u00f1as, sigue defendiendo, d\u00eda a d\u00eda, minuto a minuto, tu forma de entender la vida.<\/p>\n<p>Me fij\u00e9 en el \u00fanico anillo que llevaba y que no dejaba de trastear,  era un solitario de oro blanco, no demasiado grande pero con un dise\u00f1o precioso.<\/p>\n<p>-\u00bfTe gusta? \u2013 me dijo mirandolo con cari\u00f1o- este anillo representa  mi compromiso con la vida, la lucha por mantener la propia identidad, la aceptaci\u00f3n de las adversidades y la pugna continua con el entorno y conmigo misma por conseguir  esos sue\u00f1os que siempre me impulsaron. Una manera de recordar que  cumplir  a\u00f1os  con ilusi\u00f3n, a pesar de un largo y  dif\u00edcil camino, merece la pena. Y eso es lo que te debo a ti.<\/p>\n<p>En ese momento ya no pude m\u00e1s y me puse seria tensando mi espalda. Ella sonri\u00f3 dulcemente y  pas\u00f3 suavemente la servilleta por sus labios mientras me miraba fijamente. Sin darse por aludida dej\u00f3 la servilleta, cogi\u00f3 su bolso, se levant\u00f3 y  mientras se encaminaba a los servicios  me dijo:<\/p>\n<p>&#8211; Si, a ti, eres muy joven, tienes \u00edmpetu y energ\u00eda. Te recuperar\u00e1s completamente y cuando menos te lo esperes sabr\u00e1s porqu\u00e9 nunca olvidar\u00e9 lo que hiciste por mi.<\/p>\n<p>Nunca volvi\u00f3, ni supe m\u00e1s de ella y tras algunas semanas  sus palabras se perdieron en el tiempo y el olvido, como si hubiera sido un mal sue\u00f1o\u2026 hasta hoy.<\/p>\n<p> Hoy si, curiosamente  y sin darme cuenta, un desasosiego me ha envuelto como si algo grave pudiera suceder  cuando he ido a buscar  mi anillo de compromiso y no estaba en su lugar habitual. Un peque\u00f1o brillante de talla antigua engarzado de forma muy original. He  sentido miedo al pensar que  no apareciera, hasta me he puesto a llorar.  Y en medio de esa angustia, todas sus palabras  han resonado en mi interior integras conformando vivamente de nuevo ese recuerdo extra\u00f1o y lejano perdido en mi memoria: \u201cEsa alianza representa mi compromiso con la vida&#8230; Y eso es lo que te debo a ti.\u201d  <\/p>\n<p>He tratado de tranquilizarme y por fin he respirado tranquila, cuando he visto a mi hija con el anillo en su mano haci\u00e9ndome un gui\u00f1o.<br \/>\n Hoy estamos todos juntos en casa, tres hijos y siete nietos. Celebramos mi 67 cumplea\u00f1os,  y aunque algunos sue\u00f1os no cristalizaron, otros muchos si y ciertamente a\u00fan tengo muchas ilusiones.<br \/>\n Todo se lo debo a ella, es verdad, a esa joven que decidi\u00f3 vivir con su propio criterio aunque  tuviera que enfrentarse titubeante y sola  a todo un mundo de dificultades y de incomprensi\u00f3n.<\/p>\n<p>Sopl\u00e9 las velas y brindamos. Yo brind\u00e9 por ella\u2026 por m\u00ed.<\/p>\n","protected":false},"excerpt":{"rendered":"<p>Era un d\u00eda precioso que invitaba a pasear entre las plazas del centro de la ciudad, acababa de celebrar mi veintisiete cumplea\u00f1os y me regal\u00e9 unas horas para callejear entre ese mont\u00f3n de tiendas y el bullicio que te engulle y neutraliza haci\u00e9ndote invisible. Sin embargo cualquier rinc\u00f3n puede depararte [&hellip;]<\/p>\n","protected":false},"author":1,"featured_media":0,"comment_status":"open","ping_status":"open","sticky":false,"template":"","format":"standard","meta":{"footnotes":""},"categories":[5],"tags":[],"class_list":["post-228","post","type-post","status-publish","format-standard","hentry","category-relatos"],"amp_enabled":true,"_links":{"self":[{"href":"https:\/\/www.canal-literatura.es\/8certamen\/wp-json\/wp\/v2\/posts\/228","targetHints":{"allow":["GET"]}}],"collection":[{"href":"https:\/\/www.canal-literatura.es\/8certamen\/wp-json\/wp\/v2\/posts"}],"about":[{"href":"https:\/\/www.canal-literatura.es\/8certamen\/wp-json\/wp\/v2\/types\/post"}],"author":[{"embeddable":true,"href":"https:\/\/www.canal-literatura.es\/8certamen\/wp-json\/wp\/v2\/users\/1"}],"replies":[{"embeddable":true,"href":"https:\/\/www.canal-literatura.es\/8certamen\/wp-json\/wp\/v2\/comments?post=228"}],"version-history":[{"count":8,"href":"https:\/\/www.canal-literatura.es\/8certamen\/wp-json\/wp\/v2\/posts\/228\/revisions"}],"predecessor-version":[{"id":236,"href":"https:\/\/www.canal-literatura.es\/8certamen\/wp-json\/wp\/v2\/posts\/228\/revisions\/236"}],"wp:attachment":[{"href":"https:\/\/www.canal-literatura.es\/8certamen\/wp-json\/wp\/v2\/media?parent=228"}],"wp:term":[{"taxonomy":"category","embeddable":true,"href":"https:\/\/www.canal-literatura.es\/8certamen\/wp-json\/wp\/v2\/categories?post=228"},{"taxonomy":"post_tag","embeddable":true,"href":"https:\/\/www.canal-literatura.es\/8certamen\/wp-json\/wp\/v2\/tags?post=228"}],"curies":[{"name":"wp","href":"https:\/\/api.w.org\/{rel}","templated":true}]}}