{"id":699,"date":"2011-07-04T14:48:15","date_gmt":"2011-07-04T12:48:15","guid":{"rendered":"http:\/\/www.canal-literatura.es\/8certamen\/?p=699"},"modified":"2011-07-04T14:48:49","modified_gmt":"2011-07-04T12:48:49","slug":"100-suspiros-desde-el-interior-por-pj","status":"publish","type":"post","link":"https:\/\/www.canal-literatura.es\/8certamen\/100-suspiros-desde-el-interior-por-pj\/","title":{"rendered":"91- Suspiros desde el interior. Por PJ"},"content":{"rendered":"<p>Mi nombre en este relato resulta de lo mas intrascendente. Os dir\u00e9 que soy un especialista reconocido en el mundo de la psiquiatr\u00eda. La escasa luz a trav\u00e9s de mi ventana, reflejaba que la ciudad se estaba preparando para dar la bienvenida a la noche. <!--more-->Aqu\u00ed estoy en el despacho de mi consulta acabando de cerrar el pen\u00faltimo caso de uno de mis pacientes. Y digo lo de cerrar, porque durante el trascurso de hoy, las cosas se han desarrollado de forma tan vertiginosa, que se ha llegado a escribir de manera definitiva el desenlace final.<\/p>\n<p>Todo comenz\u00f3 esta ma\u00f1ana bien temprano. Mi iphone me distrajo de la actividad que estaba realizando que no viene a cuento en estos momentos. Era la madre de mi paciente, que me invitaba de manera clara y concisa a reunirme con ella de manera inmediata. Tenia que comentarme algo importante para ella y para mi.<\/p>\n<p>Me ausent\u00e9 de mi despacho de forma r\u00e1pida y veloz, ya que la voz de la mujer, me induc\u00eda a valorar que el trabajo que hab\u00eda realizado con mi paciente habr\u00eda dado un giro de 180\u00ba grados de forma repentina. Cuando toque el timbre y la mujer me abri\u00f3 de forma lenta y tranquila supe que el desenlace ya estaba pr\u00f3ximo.<\/p>\n<p>Se acabo, me dijo la mujer nada mas verme. Lo dijo de tal manera que me transmiti\u00f3 un halo de satisfacci\u00f3n y tranquilidad desde su interior. Me acaban de llamar por tel\u00e9fono antes de hablar contigo y me han comentado desde la c\u00e1rcel el suicidio de mi hijo. No supe que decir. Por unos momentos sent\u00ed que mi trabajo, una vez mas, no hab\u00eda sido suficiente. El silencio se apodero durante unos segundos en el lugar. Pero ese silencio, resulto para mi inmenso y duradero. Finaliz\u00f3 ese momento con una frase que me dijo la mujer que de nuevo me activo mis ganas de seguir trabajando en la mente humana y sus trastornos: Dej\u00f3 una \u00faltima carta para ti Doctor. Me dijo que cuando ocurriera esto, te la entregara lo mas r\u00e1pido posible.<\/p>\n<p>Abr\u00ed el sobre que ven\u00eda a mi nombre-sigo diciendo que en este relato mi nombre resulta intrascendente- y visione un sobre titulado \u201cSuspiros desde mi interior\u201d y una hoja escrita a mi atenci\u00f3n. En esa hoja simplemente mi paciente escribi\u00f3 unas frases \u201cNo se puede hacer nada por nosotros, siempre te lo he dicho y t\u00fa<\/p>\n<p>\u00a0no lo has querido ver\u2026\u2026\u201d<\/p>\n<p>\u201cSigue con tu trabajo, haces una gran labor. Lo sabes .GRACIAS Doctor por habernos conocido\u201d.<\/p>\n<p>Abr\u00ed el sobre y r\u00e1pidamente vislumbre el titulo de ella: Suspiros desde mi interior.<\/p>\n<p>Os la muestro integra para que la pod\u00e1is analizar.<\/p>\n<p><strong>\u00a0<\/strong><\/p>\n<p><strong>Mirada perdida a trav\u00e9s de las rejas de la ventana<\/strong><\/p>\n<p><strong>grilletes \u00e1speros aprisionan todo mi ser<\/strong><\/p>\n<p><strong>el vuelo de un p\u00e1jaro, libre c\u00f3mo un suspiro cualquiera<\/strong><\/p>\n<p><strong>produce suspiros desde mi interior.<\/strong><\/p>\n<p><strong>\u00a0<\/strong><\/p>\n<p><strong>Me siento aprisionado en este lugar confuso y delirante<\/strong><\/p>\n<p><strong>no necesito comunicaci\u00f3n alguna,<\/strong><\/p>\n<p><strong>el silencio se ha hecho due\u00f1o del lugar<\/strong><\/p>\n<p><strong>sin necesitar de nadie y nadie necesitando de mi.<\/strong><\/p>\n<p><strong>\u00a0<\/strong><\/p>\n<p><strong>Los meses son d\u00edas, los d\u00edas horas, las horas minutos<\/strong><\/p>\n<p><strong>si por lo menos tuviera comunicaci\u00f3n alguna,<\/strong><\/p>\n<p><strong>aunque, \u00bfServir\u00eda de algo?. Pienso que no.<\/strong><\/p>\n<p><strong>\u00bfC\u00f3mo puedo desear la compa\u00f1\u00eda de alguien, si la voz de mi conciencia golpea una y otra vez desde mi interior?.<\/strong><\/p>\n<p><strong>Me encuentro cansado de esta situaci\u00f3n.<\/strong><\/p>\n<p><strong>\u00a0<\/strong><\/p>\n<p><strong>\u00bfQu\u00e9 quieres?. \u00bfAcabar conmigo te propones?.<\/strong><\/p>\n<p><strong>\u00bfAcaso me culpas de tus propias desgracias?.<\/strong><\/p>\n<p><strong>\u00bfPiensas que esta situaci\u00f3n fue provocada por mi?.<\/strong><\/p>\n<p><strong>\u00bfAcaso te env\u00ede yo a este siniestro lugar?.<\/strong><\/p>\n<p><strong>\u00a0<\/strong><\/p>\n<p><strong>Quieres que caiga en mi propia trampa ,\u00bfverdad?<\/strong><\/p>\n<p><strong>t\u00fa estrella, yo oscuridad,<\/strong><\/p>\n<p><strong>yo aspecto demacrado, t\u00fa voz iluminada por el sol,<\/strong><\/p>\n<p><strong>t\u00fa arco iris despu\u00e9s de la tormenta, yo trueno dentro de ella.<\/strong><\/p>\n<p><strong>\u00a0<\/strong><\/p>\n<p><strong>Pero dime conciencia siniestra,<\/strong><\/p>\n<p><strong>\u00bfno crees que me perteneces?,<\/strong><\/p>\n<p><strong>\u00bfno te encuentras encerrada dentro de mi?.<\/strong><\/p>\n<p><strong>\u00bfPor qu\u00e9 no te dejas ver?. \u00bfAcaso por tu timidez?.<\/strong><\/p>\n<p><strong>M\u00edrate al espejo, da la cara aunque solo sea una vez.<\/strong><\/p>\n<p><strong>\u00a0<\/strong><\/p>\n<p><strong>\u00a1No, calla!, no repliques mis preguntas<\/strong><\/p>\n<p><strong>no podr\u00eda aguantar tantas respuestas cargadas de odio,<\/strong><\/p>\n<p><strong>no realces tu voz, no pronuncies palabra alguna,<\/strong><\/p>\n<p><strong>aunque, \u00bfacaso me importan tus comentarios fastuosos de amargura?<\/strong><\/p>\n<p><strong>\u00a0<\/strong><\/p>\n<p><strong>Se lo que dir\u00edas conciencia,<\/strong><\/p>\n<p><strong>me adelanto siempre a ti,<\/strong><\/p>\n<p><strong>si en el fondo me produces lastima, pena, das indiferencia,<\/strong><\/p>\n<p><strong>\u00bfacaso debo de cuidar de ti?<\/strong><\/p>\n<p><strong>\u00a0<\/strong><\/p>\n<p><strong>Los inicios ser\u00e1n directos, cargados de maldad,<\/strong><\/p>\n<p><strong>t\u00fa abanico de palabras, yo enterrado en este lugar.<\/strong><\/p>\n<p><strong>La situaci\u00f3n empeora por momentos,<\/strong><\/p>\n<p><strong>este enfrentamiento esta a punto de acabar.<\/strong><\/p>\n<p><strong>\u00a0<\/strong><\/p>\n<p><strong>Recordar que en el pasado flu\u00eda en mi esperanza e ilusi\u00f3n.<\/strong><\/p>\n<p><strong>\u00bfEs posible que el tiempo haya destruido tal compenetraci\u00f3n?.<\/strong><\/p>\n<p><strong>T\u00fa conciencia, yo cuerpo para guiar,<\/strong><\/p>\n<p><strong>t\u00fa pensamiento, yo cuidando de ti en cada instante fugaz.<\/strong><\/p>\n<p><strong>\u00a0<\/strong><\/p>\n<p><strong>Pero \u00bfqu\u00e9 nos paso?.<\/strong><\/p>\n<p><strong>\u00bfAcaso la luna produjo tanto desasosiego?.<\/strong><\/p>\n<p><strong>\u00bfPor qu\u00e9 tuvimos que realizar tal ejecuci\u00f3n?.<\/strong><\/p>\n<p><strong>Y ahora no me digas que el error lo comet\u00ed yo,<\/strong><\/p>\n<p><strong>vale, esta bien yo apret\u00e9 el gatillo, \u00bfpero y t\u00fa?<\/strong><\/p>\n<p><strong>\u00bfno fuiste el ide\u00f3logo que instrumento tal realizaci\u00f3n?.<\/strong><\/p>\n<p><strong>\u00a0<\/strong><\/p>\n<p><strong>Y ahora enfrentado a ti. Era lo ultimo que pod\u00eda esperar<\/strong><\/p>\n<p><strong>\u00bfde parte de quien estas? De tu amiga desde la infancia o de las gentes del lugar<\/strong><\/p>\n<p><strong>dime mente destructiva \u00bfte alejaste por la noche cabalgando por la monta\u00f1a rumbo a un lejano lugar, horizonte divisado donde no se divisa el final?<\/strong><\/p>\n<p><strong>\u00a0<\/strong><\/p>\n<p><strong>No, no me contestes ahora,<\/strong><\/p>\n<p><strong>a traici\u00f3n me juego la baza final,<\/strong><\/p>\n<p><strong>una recortada entre mis manos,<\/strong><\/p>\n<p><strong>esta vez no me vencer\u00e1s.<\/strong><\/p>\n<p><strong>\u00a0<\/strong><\/p>\n<p><strong>Dispar\u00f3 aquella conciencia inerte y desconcertada,<\/strong><\/p>\n<p><strong>palabra alguna pudo pronunciar<\/strong><\/p>\n<p><strong>pero mi cuerpo se desplomo al instante,<\/strong><\/p>\n<p><strong>se apago la \u00faltima luz de la ciudad.<\/strong><\/p>\n<p><strong>\u00a0<\/strong><\/p>\n<p><strong>Fue la muerte de dos incomprendidos<\/strong><\/p>\n<p><strong>t\u00fa conciencia, yo caminante por un mundo de dolor<\/strong><\/p>\n<p><strong>juntos fueron enterrados en una tarde de invierno fr\u00eda<\/strong><\/p>\n<p><strong>ninguno palabra alguna pronunci\u00f3.<\/strong><\/p>\n<p><strong>\u00a0<\/strong><\/p>\n<p>Me desped\u00ed de esa madre con mucho cari\u00f1o y dulzura . La necesitaba. Gracias hijo, me comento. Siempre estar\u00e1s en lo mas profundo de nuestros\u00a0 corazones\u00a0 por haber tratado de curarlo. Por lo menos ya no sufrir\u00e1 mas, fueron sus \u00faltimas palabras.<\/p>\n<p>Y como sab\u00e9is aqu\u00ed sigo en el despacho de mi consulta\u00a0 cerrando el pen\u00faltimo caso de unos de mis pacientes. Porque ma\u00f1ana tendr\u00e9 otro paciente intentando descifrar los problemas brutales de la mente y los trastornos que a ellos sucumben tantas personas. Bueno, ma\u00f1ana no, me tengo que tomar el dia libre.<\/p>\n<p>Cerr\u00e9 la puerta de mi despacho y me fui a casa a descansar e intentar reestructurar todas mis ideas y razonamientos.<\/p>\n<p>Al dia siguiente era su funeral. All\u00ed estaba su madre y los hermanos del fallecido. Se hab\u00eda realizado en la mas absoluta intimidad.<\/p>\n<p>Y all\u00ed estaba yo, el Doctor especialista reconocido en el mundo de la psiquiatr\u00eda. Pero como os dije anteriormente, mi nombre en este relato no era importante , aunque si que os tengo que comentar algo; el paciente era mi hermano y esa madre era mi madre. Por eso estaba en ese funeral. Y el dolor de esa madre lo recib\u00ed desde el punto de vista profesional y familiar.<\/p>\n<p>A todos los seres humanos que sufren alguna alteraci\u00f3n de la mente humana y a todos los que est\u00e1n a su alrededor que sufren a su lado. Y gracias a todos los profesionales de la psiquiatr\u00eda por la labor que desempe\u00f1an en intentar paliar tanto sufrimiento en estas gentes.<\/p>\n","protected":false},"excerpt":{"rendered":"<p>Mi nombre en este relato resulta de lo mas intrascendente. Os dir\u00e9 que soy un especialista reconocido en el mundo de la psiquiatr\u00eda. La escasa luz a trav\u00e9s de mi ventana, reflejaba que la ciudad se estaba preparando para dar la bienvenida a la noche.<\/p>\n","protected":false},"author":1,"featured_media":0,"comment_status":"open","ping_status":"open","sticky":false,"template":"","format":"standard","meta":{"footnotes":""},"categories":[5],"tags":[],"class_list":["post-699","post","type-post","status-publish","format-standard","hentry","category-relatos"],"amp_enabled":true,"_links":{"self":[{"href":"https:\/\/www.canal-literatura.es\/8certamen\/wp-json\/wp\/v2\/posts\/699","targetHints":{"allow":["GET"]}}],"collection":[{"href":"https:\/\/www.canal-literatura.es\/8certamen\/wp-json\/wp\/v2\/posts"}],"about":[{"href":"https:\/\/www.canal-literatura.es\/8certamen\/wp-json\/wp\/v2\/types\/post"}],"author":[{"embeddable":true,"href":"https:\/\/www.canal-literatura.es\/8certamen\/wp-json\/wp\/v2\/users\/1"}],"replies":[{"embeddable":true,"href":"https:\/\/www.canal-literatura.es\/8certamen\/wp-json\/wp\/v2\/comments?post=699"}],"version-history":[{"count":6,"href":"https:\/\/www.canal-literatura.es\/8certamen\/wp-json\/wp\/v2\/posts\/699\/revisions"}],"predecessor-version":[{"id":705,"href":"https:\/\/www.canal-literatura.es\/8certamen\/wp-json\/wp\/v2\/posts\/699\/revisions\/705"}],"wp:attachment":[{"href":"https:\/\/www.canal-literatura.es\/8certamen\/wp-json\/wp\/v2\/media?parent=699"}],"wp:term":[{"taxonomy":"category","embeddable":true,"href":"https:\/\/www.canal-literatura.es\/8certamen\/wp-json\/wp\/v2\/categories?post=699"},{"taxonomy":"post_tag","embeddable":true,"href":"https:\/\/www.canal-literatura.es\/8certamen\/wp-json\/wp\/v2\/tags?post=699"}],"curies":[{"name":"wp","href":"https:\/\/api.w.org\/{rel}","templated":true}]}}