{"id":165,"date":"2009-10-24T12:46:58","date_gmt":"2009-10-24T10:46:58","guid":{"rendered":"https:\/\/www.canal-literatura.es\/Apoesia5\/?p=165"},"modified":"2009-10-24T12:46:58","modified_gmt":"2009-10-24T10:46:58","slug":"15-el-roble-por-amapola","status":"publish","type":"post","link":"https:\/\/www.canal-literatura.es\/Apoesia5\/15-el-roble-por-amapola\/","title":{"rendered":"15- El Roble. Por Amapola"},"content":{"rendered":"<p>Nudoso y solitario roble una ma\u00f1ana despert\u00e9;<br \/>\nMi tronco, acariciado anta\u00f1o por cabelleras de amantes,<br \/>\nDerramaba ahora su corteza, ramas rotas<!--more-->\u00a0<br \/>\nDonde un muchacho hendi\u00f3 su cuchillo<br \/>\nEn mi carne (su aliento c\u00e1lido, sus labios h\u00famedos)<br \/>\nSe demora una l\u00ednea difusa; torpe, sin nombre<\/p>\n<p>\u00a1Leve ca\u00eda la luz entre aquellas hojas de roble!<br \/>\n\u00a1Oscuro el rastro de sus sombras en el cielo estival!<br \/>\nPero este nudoso tronco de madera y musgo<br \/>\nPero estos nudos retorcidos de moho y musgo<br \/>\nNo albergan la marca ya; tierna cuchilla hiriente<br \/>\nDesgastada por el persistente pulso del tiempo<\/p>\n<p>Bramo y desentra\u00f1o mis ra\u00edces de la tierra<br \/>\nBramo sobre una yerma y desolada tierra<\/p>\n","protected":false},"excerpt":{"rendered":"<p>Nudoso y solitario roble una ma\u00f1ana despert\u00e9; Mi tronco, acariciado anta\u00f1o por cabelleras de amantes, Derramaba ahora su corteza, ramas rotas<\/p>\n","protected":false},"author":1,"featured_media":0,"comment_status":"open","ping_status":"open","sticky":false,"template":"","format":"standard","meta":[],"categories":[4],"tags":[],"amp_enabled":true,"_links":{"self":[{"href":"https:\/\/www.canal-literatura.es\/Apoesia5\/wp-json\/wp\/v2\/posts\/165"}],"collection":[{"href":"https:\/\/www.canal-literatura.es\/Apoesia5\/wp-json\/wp\/v2\/posts"}],"about":[{"href":"https:\/\/www.canal-literatura.es\/Apoesia5\/wp-json\/wp\/v2\/types\/post"}],"author":[{"embeddable":true,"href":"https:\/\/www.canal-literatura.es\/Apoesia5\/wp-json\/wp\/v2\/users\/1"}],"replies":[{"embeddable":true,"href":"https:\/\/www.canal-literatura.es\/Apoesia5\/wp-json\/wp\/v2\/comments?post=165"}],"version-history":[{"count":0,"href":"https:\/\/www.canal-literatura.es\/Apoesia5\/wp-json\/wp\/v2\/posts\/165\/revisions"}],"wp:attachment":[{"href":"https:\/\/www.canal-literatura.es\/Apoesia5\/wp-json\/wp\/v2\/media?parent=165"}],"wp:term":[{"taxonomy":"category","embeddable":true,"href":"https:\/\/www.canal-literatura.es\/Apoesia5\/wp-json\/wp\/v2\/categories?post=165"},{"taxonomy":"post_tag","embeddable":true,"href":"https:\/\/www.canal-literatura.es\/Apoesia5\/wp-json\/wp\/v2\/tags?post=165"}],"curies":[{"name":"wp","href":"https:\/\/api.w.org\/{rel}","templated":true}]}}