{"id":171,"date":"2009-10-26T11:03:59","date_gmt":"2009-10-26T09:03:59","guid":{"rendered":"https:\/\/www.canal-literatura.es\/Apoesia5\/?p=171"},"modified":"2009-10-26T11:03:59","modified_gmt":"2009-10-26T09:03:59","slug":"17-sensibilidad-poetica-por-odry","status":"publish","type":"post","link":"https:\/\/www.canal-literatura.es\/Apoesia5\/17-sensibilidad-poetica-por-odry\/","title":{"rendered":"17- Sensibilidad po\u00e9tica. Por Odry"},"content":{"rendered":"<p>Labilidad innata que le ha sido otorgada a mi alma<br \/>\nsensibilidad exquisita, que baila al son de mi amor\u00a0<br \/>\nrealidad perenne, de sutileza espiritual<br \/>\nque de mi se expresa como un preciado don.<!--more--><\/p>\n<p>Vulnerabilidad\u00a0 por mi raz\u00f3n amada<br \/>\nque de sentimiento y percepci\u00f3n<br \/>\npermite que emanen desde mi coraz\u00f3n<br \/>\nen un sue\u00f1o, convertido en magia, las palabras.<\/p>\n<p>Afectividad sublime, en la que he nacido\u00a0<br \/>\ndadivas que el cielo para mi consagr\u00f3<br \/>\nprivilegio eterno, que envuelto en reflexi\u00f3n<br \/>\npermite as\u00ed, a mi esp\u00edritu, ser pr\u00f3digo pergamino.<\/p>\n<p>\u00a0<\/p>\n<p>Emotivo regalo\u00a0 el destino me ha brindado<br \/>\npues no hay tono alguno, con tal dulzura<br \/>\nque permita trasmitir de igual manera,<br \/>\ncon detallado desd\u00e9n y frescura<br \/>\ncomo la poes\u00eda misma, lo que el alma quiera.<br \/>\nPor eso afortunado\u00a0 se siente mi ser<br \/>\nen su\u00a0 labilidad afectiva, en su querer<br \/>\nsabi\u00e9ndose tan especial por contar con el<br \/>\npresenta al cielo, su gratitud m\u00e1s fiel.<\/p>\n","protected":false},"excerpt":{"rendered":"<p>Labilidad innata que le ha sido otorgada a mi alma sensibilidad exquisita, que baila al son de mi amor\u00a0 realidad perenne, de sutileza espiritual que de mi se expresa como un preciado don.<\/p>\n","protected":false},"author":1,"featured_media":0,"comment_status":"open","ping_status":"open","sticky":false,"template":"","format":"standard","meta":[],"categories":[4],"tags":[],"amp_enabled":true,"_links":{"self":[{"href":"https:\/\/www.canal-literatura.es\/Apoesia5\/wp-json\/wp\/v2\/posts\/171"}],"collection":[{"href":"https:\/\/www.canal-literatura.es\/Apoesia5\/wp-json\/wp\/v2\/posts"}],"about":[{"href":"https:\/\/www.canal-literatura.es\/Apoesia5\/wp-json\/wp\/v2\/types\/post"}],"author":[{"embeddable":true,"href":"https:\/\/www.canal-literatura.es\/Apoesia5\/wp-json\/wp\/v2\/users\/1"}],"replies":[{"embeddable":true,"href":"https:\/\/www.canal-literatura.es\/Apoesia5\/wp-json\/wp\/v2\/comments?post=171"}],"version-history":[{"count":0,"href":"https:\/\/www.canal-literatura.es\/Apoesia5\/wp-json\/wp\/v2\/posts\/171\/revisions"}],"wp:attachment":[{"href":"https:\/\/www.canal-literatura.es\/Apoesia5\/wp-json\/wp\/v2\/media?parent=171"}],"wp:term":[{"taxonomy":"category","embeddable":true,"href":"https:\/\/www.canal-literatura.es\/Apoesia5\/wp-json\/wp\/v2\/categories?post=171"},{"taxonomy":"post_tag","embeddable":true,"href":"https:\/\/www.canal-literatura.es\/Apoesia5\/wp-json\/wp\/v2\/tags?post=171"}],"curies":[{"name":"wp","href":"https:\/\/api.w.org\/{rel}","templated":true}]}}