{"id":277,"date":"2009-11-07T14:07:43","date_gmt":"2009-11-07T13:07:43","guid":{"rendered":"https:\/\/www.canal-literatura.es\/Apoesia5\/?p=277"},"modified":"2009-11-07T14:07:43","modified_gmt":"2009-11-07T13:07:43","slug":"47-la-loba-por-onairos","status":"publish","type":"post","link":"https:\/\/www.canal-literatura.es\/Apoesia5\/47-la-loba-por-onairos\/","title":{"rendered":"47- La Loba. Por Onairos"},"content":{"rendered":"<p style=\"text-align: center;\">La loba se adentra en la monta\u00f1a,<br \/>\ny vence, decidida, la cuesta.<br \/>\nExhausta alcanza su gesta<br \/>\ncuando el hombre frena su haza\u00f1a.<!--more--><\/p>\n<p style=\"text-align: center;\">Pens\u00e9 que no vendr\u00edas, dice \u00e9l.<br \/>\nLa loba lo mira recelosa.<br \/>\nReplica: ya sabes que soy ambiciosa.<br \/>\nAl hombre le parece cruel.<\/p>\n<p style=\"text-align: center;\">La brisa susurra un c\u00e1ntico,<br \/>\nlos \u00e1rboles claman al viento.<br \/>\nLa noche provoca el p\u00e1nico.<\/p>\n<p style=\"text-align: center;\">El pu\u00f1o del hombre envuelto.<br \/>\nSu alma flaca y su coraz\u00f3n raqu\u00edtico.<br \/>\nY entonces sabe que lleg\u00f3 muerto.<\/p>\n","protected":false},"excerpt":{"rendered":"<p>La loba se adentra en la monta\u00f1a, y vence, decidida, la cuesta. Exhausta alcanza su gesta cuando el hombre frena su haza\u00f1a.<\/p>\n","protected":false},"author":1,"featured_media":0,"comment_status":"open","ping_status":"open","sticky":false,"template":"","format":"standard","meta":[],"categories":[4],"tags":[],"amp_enabled":true,"_links":{"self":[{"href":"https:\/\/www.canal-literatura.es\/Apoesia5\/wp-json\/wp\/v2\/posts\/277"}],"collection":[{"href":"https:\/\/www.canal-literatura.es\/Apoesia5\/wp-json\/wp\/v2\/posts"}],"about":[{"href":"https:\/\/www.canal-literatura.es\/Apoesia5\/wp-json\/wp\/v2\/types\/post"}],"author":[{"embeddable":true,"href":"https:\/\/www.canal-literatura.es\/Apoesia5\/wp-json\/wp\/v2\/users\/1"}],"replies":[{"embeddable":true,"href":"https:\/\/www.canal-literatura.es\/Apoesia5\/wp-json\/wp\/v2\/comments?post=277"}],"version-history":[{"count":0,"href":"https:\/\/www.canal-literatura.es\/Apoesia5\/wp-json\/wp\/v2\/posts\/277\/revisions"}],"wp:attachment":[{"href":"https:\/\/www.canal-literatura.es\/Apoesia5\/wp-json\/wp\/v2\/media?parent=277"}],"wp:term":[{"taxonomy":"category","embeddable":true,"href":"https:\/\/www.canal-literatura.es\/Apoesia5\/wp-json\/wp\/v2\/categories?post=277"},{"taxonomy":"post_tag","embeddable":true,"href":"https:\/\/www.canal-literatura.es\/Apoesia5\/wp-json\/wp\/v2\/tags?post=277"}],"curies":[{"name":"wp","href":"https:\/\/api.w.org\/{rel}","templated":true}]}}