{"id":286,"date":"2009-11-08T00:34:37","date_gmt":"2009-11-07T23:34:37","guid":{"rendered":"https:\/\/www.canal-literatura.es\/Apoesia5\/?p=286"},"modified":"2009-11-08T00:34:37","modified_gmt":"2009-11-07T23:34:37","slug":"video-de-la-entrega-de-premios-2009-primera-parte","status":"publish","type":"post","link":"https:\/\/www.canal-literatura.es\/Apoesia5\/video-de-la-entrega-de-premios-2009-primera-parte\/","title":{"rendered":"Video de la entrega de premios 2009 -Primera parte."},"content":{"rendered":"<p>El segundo video de la entrega de premios del 4 de julio del 2009 en Murcia y que contiene la entrega de trofeos a los ganadores del IV Certamen \u00abPoemas sin Rostro\u00bb 2008-2009.<br \/>\nQuiz\u00e1 seas tu el pr\u00f3ximo en recoger un premio en esta quinta edici\u00f3n. Quien sabe&#8230;<br \/>\nDe momento os dejamos un peque\u00f1o recuerdo de la pasada gala 2009 y seguimos montando el resto de premios.<br \/>\n<center><\/p>\n<div><a href=\"https:\/\/www.canal-literatura.com\/Multimedia\/Premios09-1Parte.wmv\"><img decoding=\"async\" loading=\"lazy\" class=\"alignnone\" title=\"Entrega de premios 2009-Primera parte\" src=\"https:\/\/www.canal-literatura.com\/BLOG\/fotos\/Canal-Literatura-09.jpg\" alt=\"\" width=\"300\" height=\"200\" \/><\/a><\/div>\n<p><\/center><br \/>\nPincha en la imagen para ver descargar el video. O pon en tu navegador la siguiente direcci\u00f3n: <a href=\"https:\/\/www.canal-literatura.com\/Multimedia\/Premios09-1Parte.wmv\">https:\/\/www.canal-literatura.com\/Multimedia\/Premios09-1Parte.wmv<\/a><\/p>\n","protected":false},"excerpt":{"rendered":"<p>El segundo video de la entrega de premios del 4 de julio del 2009 en Murcia y que contiene la entrega de trofeos a los ganadores del IV Certamen \u00abPoemas sin Rostro\u00bb 2008-2009. Quiz\u00e1 seas tu el pr\u00f3ximo en recoger un premio en esta quinta edici\u00f3n. Quien sabe&#8230; De momento os dejamos un peque\u00f1o recuerdo [&hellip;]<\/p>\n","protected":false},"author":1,"featured_media":0,"comment_status":"open","ping_status":"open","sticky":false,"template":"","format":"standard","meta":[],"categories":[1],"tags":[],"amp_enabled":true,"_links":{"self":[{"href":"https:\/\/www.canal-literatura.es\/Apoesia5\/wp-json\/wp\/v2\/posts\/286"}],"collection":[{"href":"https:\/\/www.canal-literatura.es\/Apoesia5\/wp-json\/wp\/v2\/posts"}],"about":[{"href":"https:\/\/www.canal-literatura.es\/Apoesia5\/wp-json\/wp\/v2\/types\/post"}],"author":[{"embeddable":true,"href":"https:\/\/www.canal-literatura.es\/Apoesia5\/wp-json\/wp\/v2\/users\/1"}],"replies":[{"embeddable":true,"href":"https:\/\/www.canal-literatura.es\/Apoesia5\/wp-json\/wp\/v2\/comments?post=286"}],"version-history":[{"count":0,"href":"https:\/\/www.canal-literatura.es\/Apoesia5\/wp-json\/wp\/v2\/posts\/286\/revisions"}],"wp:attachment":[{"href":"https:\/\/www.canal-literatura.es\/Apoesia5\/wp-json\/wp\/v2\/media?parent=286"}],"wp:term":[{"taxonomy":"category","embeddable":true,"href":"https:\/\/www.canal-literatura.es\/Apoesia5\/wp-json\/wp\/v2\/categories?post=286"},{"taxonomy":"post_tag","embeddable":true,"href":"https:\/\/www.canal-literatura.es\/Apoesia5\/wp-json\/wp\/v2\/tags?post=286"}],"curies":[{"name":"wp","href":"https:\/\/api.w.org\/{rel}","templated":true}]}}