{"id":352,"date":"2009-11-11T00:11:15","date_gmt":"2009-11-10T23:11:15","guid":{"rendered":"https:\/\/www.canal-literatura.es\/Apoesia5\/?p=352"},"modified":"2009-11-11T00:11:15","modified_gmt":"2009-11-10T23:11:15","slug":"60-perpetuum-mobile-por-kleist","status":"publish","type":"post","link":"https:\/\/www.canal-literatura.es\/Apoesia5\/60-perpetuum-mobile-por-kleist\/","title":{"rendered":"60- Perpetuum mobile. Por Kleist"},"content":{"rendered":"<p>Un ni\u00f1o<br \/>\ncolgado de un hombre<br \/>\nno es m\u00e1s ni\u00f1o que el hombre<!--more--><br \/>\nun hombre<br \/>\ncolgado de un puente<br \/>\nno es m\u00e1s hombre que el\u00a0 puente<br \/>\nun puente<br \/>\ncolgado del cielo<br \/>\nno es m\u00e1s puente que el cielo<br \/>\nun cielo<br \/>\ncolgado al poema<br \/>\nno es m\u00e1s cielo que<br \/>\nverso y<br \/>\nun poema colgado a su verso<br \/>\nno es m\u00e1s bello que<br \/>\nUn ni\u00f1o<\/p>\n","protected":false},"excerpt":{"rendered":"<p>Un ni\u00f1o colgado de un hombre no es m\u00e1s ni\u00f1o que el hombre<\/p>\n","protected":false},"author":1,"featured_media":0,"comment_status":"open","ping_status":"open","sticky":false,"template":"","format":"standard","meta":[],"categories":[4],"tags":[],"amp_enabled":true,"_links":{"self":[{"href":"https:\/\/www.canal-literatura.es\/Apoesia5\/wp-json\/wp\/v2\/posts\/352"}],"collection":[{"href":"https:\/\/www.canal-literatura.es\/Apoesia5\/wp-json\/wp\/v2\/posts"}],"about":[{"href":"https:\/\/www.canal-literatura.es\/Apoesia5\/wp-json\/wp\/v2\/types\/post"}],"author":[{"embeddable":true,"href":"https:\/\/www.canal-literatura.es\/Apoesia5\/wp-json\/wp\/v2\/users\/1"}],"replies":[{"embeddable":true,"href":"https:\/\/www.canal-literatura.es\/Apoesia5\/wp-json\/wp\/v2\/comments?post=352"}],"version-history":[{"count":0,"href":"https:\/\/www.canal-literatura.es\/Apoesia5\/wp-json\/wp\/v2\/posts\/352\/revisions"}],"wp:attachment":[{"href":"https:\/\/www.canal-literatura.es\/Apoesia5\/wp-json\/wp\/v2\/media?parent=352"}],"wp:term":[{"taxonomy":"category","embeddable":true,"href":"https:\/\/www.canal-literatura.es\/Apoesia5\/wp-json\/wp\/v2\/categories?post=352"},{"taxonomy":"post_tag","embeddable":true,"href":"https:\/\/www.canal-literatura.es\/Apoesia5\/wp-json\/wp\/v2\/tags?post=352"}],"curies":[{"name":"wp","href":"https:\/\/api.w.org\/{rel}","templated":true}]}}