{"id":364,"date":"2009-11-12T00:05:36","date_gmt":"2009-11-11T23:05:36","guid":{"rendered":"https:\/\/www.canal-literatura.es\/Apoesia5\/?p=364"},"modified":"2009-11-11T21:34:40","modified_gmt":"2009-11-11T20:34:40","slug":"64-grito-de-poeta-por-alfred-asis","status":"publish","type":"post","link":"https:\/\/www.canal-literatura.es\/Apoesia5\/64-grito-de-poeta-por-alfred-asis\/","title":{"rendered":"64-Grito de Poeta. Por Alfred As\u00eds"},"content":{"rendered":"<p>\u00a1Como quiero gritarle al mundo!<br \/>\nque hay tanta paz y amor<br \/>\nen nuestros corazones<!--more--><br \/>\nque los que no las tengan<br \/>\nlas tomen desde nuestras letras y<br \/>\nlas confundan con sus emociones\u00a0<\/p>\n<p>que las lleven a donde vayan y<br \/>\nla promulguen a los cien vientos<br \/>\ndesde los cantos a pregones\u00a0<\/p>\n<p>Somos los Poetas al servicio de ustedes<br \/>\npara fabricarles palabras consteladas<br \/>\nhechas con suspiros y l\u00e1grimas en los ojos,<br \/>\nl\u00e1grimas diamantadas que bajan \u00a0por nuestras mejillas<br \/>\nendulzando nuestros labios,<br \/>\nl\u00e1grimas de sentimientos albergados<br \/>\nen la fuente inagotable de nuestras almas,<br \/>\nl\u00e1grimas c\u00e1lidas, como c\u00e1lidas miradas.\u00a0<\/p>\n<p>Deseamos que cambien el rictus de vuestros labios<br \/>\nhacia arriba mirando al cielo infinito<br \/>\ny no hacia abajo del dolor permanente<br \/>\no una frustraci\u00f3n aparente\u00a0<\/p>\n<p>Eleven su esp\u00edritu por sobre todas las cosas<br \/>\nsonr\u00edan cientos de veces por d\u00eda<br \/>\nunan vuestras manos de amistad<br \/>\nsiembren para cosechar bendiciones\u00a0<\/p>\n<p>No siembren odios ni rencores<br \/>\nque esos crecen por montones<br \/>\npero no alimentan el alma<br \/>\ny es el c\u00e1ncer de los amores<\/p>\n","protected":false},"excerpt":{"rendered":"<p>\u00a1Como quiero gritarle al mundo! que hay tanta paz y amor en nuestros corazones<\/p>\n","protected":false},"author":1,"featured_media":0,"comment_status":"open","ping_status":"open","sticky":false,"template":"","format":"standard","meta":[],"categories":[4],"tags":[],"amp_enabled":true,"_links":{"self":[{"href":"https:\/\/www.canal-literatura.es\/Apoesia5\/wp-json\/wp\/v2\/posts\/364"}],"collection":[{"href":"https:\/\/www.canal-literatura.es\/Apoesia5\/wp-json\/wp\/v2\/posts"}],"about":[{"href":"https:\/\/www.canal-literatura.es\/Apoesia5\/wp-json\/wp\/v2\/types\/post"}],"author":[{"embeddable":true,"href":"https:\/\/www.canal-literatura.es\/Apoesia5\/wp-json\/wp\/v2\/users\/1"}],"replies":[{"embeddable":true,"href":"https:\/\/www.canal-literatura.es\/Apoesia5\/wp-json\/wp\/v2\/comments?post=364"}],"version-history":[{"count":0,"href":"https:\/\/www.canal-literatura.es\/Apoesia5\/wp-json\/wp\/v2\/posts\/364\/revisions"}],"wp:attachment":[{"href":"https:\/\/www.canal-literatura.es\/Apoesia5\/wp-json\/wp\/v2\/media?parent=364"}],"wp:term":[{"taxonomy":"category","embeddable":true,"href":"https:\/\/www.canal-literatura.es\/Apoesia5\/wp-json\/wp\/v2\/categories?post=364"},{"taxonomy":"post_tag","embeddable":true,"href":"https:\/\/www.canal-literatura.es\/Apoesia5\/wp-json\/wp\/v2\/tags?post=364"}],"curies":[{"name":"wp","href":"https:\/\/api.w.org\/{rel}","templated":true}]}}