{"id":375,"date":"2009-11-13T00:13:17","date_gmt":"2009-11-12T23:13:17","guid":{"rendered":"https:\/\/www.canal-literatura.es\/Apoesia5\/?p=375"},"modified":"2009-11-13T00:13:17","modified_gmt":"2009-11-12T23:13:17","slug":"66-loco-letraherido-por-carol-king","status":"publish","type":"post","link":"https:\/\/www.canal-literatura.es\/Apoesia5\/66-loco-letraherido-por-carol-king\/","title":{"rendered":"66- Loco letraherido. Por Carol King"},"content":{"rendered":"<p>Se anquilosan los nudillos de estas manos in\u00fatiles<br \/>\ny revuelvo con el punz\u00f3n la arisca hoguera<br \/>\nde lo que fui;<br \/>\nensangriento el voluble talento<br \/>\nque poseo aqu\u00ed dentro escondido.<!--more--><br \/>\n\u00a0<\/p>\n<p>Puedo ver al trasluz las camelias abiertas,<br \/>\nlas riego con ars\u00e9nico y r\u00edo;<br \/>\naparte de estar loco, soy libre,<br \/>\ny mi voz llenando las calles<br \/>\nas\u00ed lo proclama hace tiempo.<br \/>\n\u00a0<\/p>\n<p>Tonalidades oscuras y montones de suciedad<br \/>\nsue\u00f1o perdido de sentido y raz\u00f3n;<br \/>\nno tengo nada m\u00e1s que a m\u00ed mismo, y desprecio<br \/>\nel sectarismo al que he cre\u00eddo pertenecer.<\/p>\n<p>\u00a0<\/p>\n<p>El loco del siglo soy,<br \/>\ny roo pedazos de letras vivas, blandas,<br \/>\nllenas de \u00falceras que son monstruos;<br \/>\ny las dejo ir.<br \/>\n\u00a0<\/p>\n<p>Ahora se entela la ventana por donde miraba pasar a las j\u00f3venes<br \/>\ny ser\u00e1 mejor que no me vean porque<br \/>\nestoy parapl\u00e9jico<br \/>\ny loco como siempre.<br \/>\n\u00a0<\/p>\n<p>Mi plenilunio es esta maldita silla<br \/>\nde la que no me puedo desprender<br \/>\nes el saber que nunca m\u00e1s<br \/>\nvolver\u00e9 a ser el que era.<br \/>\n\u00a0<\/p>\n<p>Como miel y se me engancha a los labios obscenos<br \/>\nsintiendo el dulzor de las malas palabras que pronuncio,<br \/>\nde los insultos que me adjudico,<br \/>\nque le dedico al loco.<br \/>\nIngenuo loco letraherido.<\/p>\n","protected":false},"excerpt":{"rendered":"<p>Se anquilosan los nudillos de estas manos in\u00fatiles y revuelvo con el punz\u00f3n la arisca hoguera de lo que fui; ensangriento el voluble talento que poseo aqu\u00ed dentro escondido.<\/p>\n","protected":false},"author":1,"featured_media":0,"comment_status":"open","ping_status":"open","sticky":false,"template":"","format":"standard","meta":[],"categories":[4],"tags":[],"amp_enabled":true,"_links":{"self":[{"href":"https:\/\/www.canal-literatura.es\/Apoesia5\/wp-json\/wp\/v2\/posts\/375"}],"collection":[{"href":"https:\/\/www.canal-literatura.es\/Apoesia5\/wp-json\/wp\/v2\/posts"}],"about":[{"href":"https:\/\/www.canal-literatura.es\/Apoesia5\/wp-json\/wp\/v2\/types\/post"}],"author":[{"embeddable":true,"href":"https:\/\/www.canal-literatura.es\/Apoesia5\/wp-json\/wp\/v2\/users\/1"}],"replies":[{"embeddable":true,"href":"https:\/\/www.canal-literatura.es\/Apoesia5\/wp-json\/wp\/v2\/comments?post=375"}],"version-history":[{"count":0,"href":"https:\/\/www.canal-literatura.es\/Apoesia5\/wp-json\/wp\/v2\/posts\/375\/revisions"}],"wp:attachment":[{"href":"https:\/\/www.canal-literatura.es\/Apoesia5\/wp-json\/wp\/v2\/media?parent=375"}],"wp:term":[{"taxonomy":"category","embeddable":true,"href":"https:\/\/www.canal-literatura.es\/Apoesia5\/wp-json\/wp\/v2\/categories?post=375"},{"taxonomy":"post_tag","embeddable":true,"href":"https:\/\/www.canal-literatura.es\/Apoesia5\/wp-json\/wp\/v2\/tags?post=375"}],"curies":[{"name":"wp","href":"https:\/\/api.w.org\/{rel}","templated":true}]}}