{"id":455,"date":"2009-11-20T02:02:04","date_gmt":"2009-11-20T01:02:04","guid":{"rendered":"https:\/\/www.canal-literatura.es\/Apoesia5\/?p=455"},"modified":"2009-11-20T02:02:04","modified_gmt":"2009-11-20T01:02:04","slug":"87-hasta-donde-te-quiero-cincin","status":"publish","type":"post","link":"https:\/\/www.canal-literatura.es\/Apoesia5\/87-hasta-donde-te-quiero-cincin\/","title":{"rendered":"87- Hasta donde te quiero. Cincin"},"content":{"rendered":"<p>Mas all\u00e1 de las mara\u00f1as y las formas fusiformes de los cojines arrugados de reposo<br \/>\nMas all\u00e1 de la manta desprendida del tresillo que tapa las baldosas como si de ni\u00f1os resfriados se tratasen<!--more--><br \/>\nMas all\u00e1 de la encimera plagada de bayetas, cucharas y secretos<br \/>\nMas all\u00e1 de las ventanas ensuciadas por las gotas como ojos con cataratas<br \/>\nMas all\u00e1 de la luz en el rinc\u00f3n de detr\u00e1s de la esquinera, donde un d\u00eda se te call\u00f3 la sal y desde entonces, cada vez que friegas, la casa huele a mar y a arena fr\u00eda<br \/>\nMas all\u00e1 de los cimientos que nos sujetan como pedestales de estatuas itinerantes e inconformes<br \/>\nMas all\u00e1 de las palabras que un d\u00eda plasme en la nevera,<br \/>\nsacadme de aqu\u00ed,<br \/>\nhace fr\u00edo,<br \/>\nesta oscuro,<br \/>\ntodo lo que me rodea esta muerto<br \/>\ny me siento solo.<br \/>\nMas all\u00e1 del sol donde dicen que habitan las estrellas y nace la noche al morir el d\u00eda, otro sacrificio a favor de la belleza.<br \/>\nMas all\u00e1 del recreo de las manos y la ropa tendida sobre el suelo<br \/>\nMas all\u00e1 del regusto de los labios y la luz de la ma\u00f1ana<br \/>\nMas all\u00e1 de los estantes, los escritos y los yogures con canela a media noche<br \/>\nMas all\u00e1<br \/>\ny mucho mas all\u00e1<\/p>\n","protected":false},"excerpt":{"rendered":"<p>Mas all\u00e1 de las mara\u00f1as y las formas fusiformes de los cojines arrugados de reposo Mas all\u00e1 de la manta desprendida del tresillo que tapa las baldosas como si de ni\u00f1os resfriados se tratasen<\/p>\n","protected":false},"author":1,"featured_media":0,"comment_status":"open","ping_status":"open","sticky":false,"template":"","format":"standard","meta":[],"categories":[4],"tags":[],"amp_enabled":true,"_links":{"self":[{"href":"https:\/\/www.canal-literatura.es\/Apoesia5\/wp-json\/wp\/v2\/posts\/455"}],"collection":[{"href":"https:\/\/www.canal-literatura.es\/Apoesia5\/wp-json\/wp\/v2\/posts"}],"about":[{"href":"https:\/\/www.canal-literatura.es\/Apoesia5\/wp-json\/wp\/v2\/types\/post"}],"author":[{"embeddable":true,"href":"https:\/\/www.canal-literatura.es\/Apoesia5\/wp-json\/wp\/v2\/users\/1"}],"replies":[{"embeddable":true,"href":"https:\/\/www.canal-literatura.es\/Apoesia5\/wp-json\/wp\/v2\/comments?post=455"}],"version-history":[{"count":0,"href":"https:\/\/www.canal-literatura.es\/Apoesia5\/wp-json\/wp\/v2\/posts\/455\/revisions"}],"wp:attachment":[{"href":"https:\/\/www.canal-literatura.es\/Apoesia5\/wp-json\/wp\/v2\/media?parent=455"}],"wp:term":[{"taxonomy":"category","embeddable":true,"href":"https:\/\/www.canal-literatura.es\/Apoesia5\/wp-json\/wp\/v2\/categories?post=455"},{"taxonomy":"post_tag","embeddable":true,"href":"https:\/\/www.canal-literatura.es\/Apoesia5\/wp-json\/wp\/v2\/tags?post=455"}],"curies":[{"name":"wp","href":"https:\/\/api.w.org\/{rel}","templated":true}]}}