{"id":481,"date":"2009-11-21T01:22:30","date_gmt":"2009-11-21T00:22:30","guid":{"rendered":"https:\/\/www.canal-literatura.es\/Apoesia5\/?p=481"},"modified":"2009-11-21T01:22:30","modified_gmt":"2009-11-21T00:22:30","slug":"90-no-te-quiero-nino-jesus-por-chaus","status":"publish","type":"post","link":"https:\/\/www.canal-literatura.es\/Apoesia5\/90-no-te-quiero-nino-jesus-por-chaus\/","title":{"rendered":"90- No te quiero ni\u00f1o Jes\u00fas. Por Chaus"},"content":{"rendered":"<p>No te quiero, Jes\u00fas, ya no te quiero;<br \/>\nte quise siendo Ni\u00f1o y te quer\u00eda<br \/>\nporque , necio de m\u00ed ,desconoc\u00eda<br \/>\nque no eras Dios amante y justiciero&#8230;<!--more--><br \/>\nYo te am\u00e9 y te ador\u00e9 y fui el primero<br \/>\nen calentar tu cuerpo con mi aliento;<br \/>\nmas pronto tuve el cruel presentimiento<br \/>\nde que ese Ni\u00f1o, risue\u00f1o y sonrosado,<br \/>\npodr\u00eda convertirse en aliado<br \/>\nde este mundo falaz y turbulento&#8230;<\/p>\n<p>Yo te quise y te am\u00e9, Ni\u00f1o Divino<br \/>\ny palp\u00e9 la dureza de tu cuna<br \/>\ny cre\u00ed no existiese causa alguna<br \/>\nque trocara lo justo en tu camino.<br \/>\nMas pronto vi tu proceder ladino&#8230;<br \/>\nenojado no quise defenderte<br \/>\ncuando en la Cruz, flirteando con la muerte,<br \/>\nno intentaste escuchar, Dios infinito,<br \/>\nde pobres ni\u00f1os, el flagrante grito&#8230;<br \/>\n\u00a1 dej\u00e9 por ello entonces de quererte!&#8230;<\/p>\n<p>He contemplado inerme los hambrientos<br \/>\nmiles de ni\u00f1os que por Ti nacieron<br \/>\ny de forma inhumana fenecieron<br \/>\nsin poder mitigar sus sufrimientos,<br \/>\ny he visto aquellos rostros macilentos,<br \/>\n\u00e1ridos rostros, secos, arrugados ,<br \/>\ny en ellos unos ojos humillados<br \/>\nante el miedo ancestral que conten\u00edan,<br \/>\ny rictus dolorosos de agon\u00eda<br \/>\ny cuerpos, piel y hueso ,ensangrentados&#8230;<\/p>\n<p>He visto el fr\u00edo de sus cuerpos yertos<br \/>\nsin, de pobres harapos, el abrigo<br \/>\ny c\u00f3mo el sol ardiente era testigo<br \/>\nde su calor de muerte en el desierto;&#8230;<br \/>\nsiempre pens\u00e9 que en su vivir incierto,<br \/>\nal ser Dios, echar\u00edas unas manos<br \/>\nal menos a esos ni\u00f1os, \u00a1 Tus hermanos!<br \/>\nque desgarrados por feroz metralla<br \/>\nfallecen en in\u00fatiles batallas<br \/>\nfomentados por piaras de tiranos&#8230;<\/p>\n<p>\u00a1Esos ni\u00f1os, Se\u00f1or, tienen derechos!&#8230;<br \/>\ndespu\u00e9s de \u00e1vido orde\u00f1o enfebrecido<br \/>\n\u00a1 ni una gota de leche han obtenido<br \/>\nde los exhaustos y ca\u00eddos pechos!&#8230;<br \/>\nAposentado T\u00fa en c\u00e1lido lecho<br \/>\nte has mostrado orgulloso y altanero<br \/>\nsin querer contemplar el desafuero<br \/>\nque tu entorno, Se\u00f1or, acontec\u00eda<br \/>\nmientras T\u00fa incienso y mirra recib\u00edas;&#8230;<br \/>\n\u00a1Por eso, Ni\u00f1o Dios, yo no te quiero!.<\/p>\n","protected":false},"excerpt":{"rendered":"<p>No te quiero, Jes\u00fas, ya no te quiero; te quise siendo Ni\u00f1o y te quer\u00eda porque , necio de m\u00ed ,desconoc\u00eda que no eras Dios amante y justiciero&#8230;<\/p>\n","protected":false},"author":1,"featured_media":0,"comment_status":"open","ping_status":"open","sticky":false,"template":"","format":"standard","meta":[],"categories":[4],"tags":[],"amp_enabled":true,"_links":{"self":[{"href":"https:\/\/www.canal-literatura.es\/Apoesia5\/wp-json\/wp\/v2\/posts\/481"}],"collection":[{"href":"https:\/\/www.canal-literatura.es\/Apoesia5\/wp-json\/wp\/v2\/posts"}],"about":[{"href":"https:\/\/www.canal-literatura.es\/Apoesia5\/wp-json\/wp\/v2\/types\/post"}],"author":[{"embeddable":true,"href":"https:\/\/www.canal-literatura.es\/Apoesia5\/wp-json\/wp\/v2\/users\/1"}],"replies":[{"embeddable":true,"href":"https:\/\/www.canal-literatura.es\/Apoesia5\/wp-json\/wp\/v2\/comments?post=481"}],"version-history":[{"count":0,"href":"https:\/\/www.canal-literatura.es\/Apoesia5\/wp-json\/wp\/v2\/posts\/481\/revisions"}],"wp:attachment":[{"href":"https:\/\/www.canal-literatura.es\/Apoesia5\/wp-json\/wp\/v2\/media?parent=481"}],"wp:term":[{"taxonomy":"category","embeddable":true,"href":"https:\/\/www.canal-literatura.es\/Apoesia5\/wp-json\/wp\/v2\/categories?post=481"},{"taxonomy":"post_tag","embeddable":true,"href":"https:\/\/www.canal-literatura.es\/Apoesia5\/wp-json\/wp\/v2\/tags?post=481"}],"curies":[{"name":"wp","href":"https:\/\/api.w.org\/{rel}","templated":true}]}}