{"id":543,"date":"2009-11-23T23:28:55","date_gmt":"2009-11-23T22:28:55","guid":{"rendered":"https:\/\/www.canal-literatura.es\/Apoesia5\/?p=543"},"modified":"2009-11-23T23:28:55","modified_gmt":"2009-11-23T22:28:55","slug":"109-invierno-mental-por-asimetrico","status":"publish","type":"post","link":"https:\/\/www.canal-literatura.es\/Apoesia5\/109-invierno-mental-por-asimetrico\/","title":{"rendered":"109- Invierno mental. Por Asim\u00e9trico"},"content":{"rendered":"<p>Volvieron los idiotas<br \/>\ny los p\u00e1jaros se fueron a otro sitio.<!--more--><br \/>\nLas nubes se suicidaron contra el suelo<br \/>\ny los \u00e1rboles lloraban desnudos en silencio.<\/p>\n<p>Mientras los predicadores del miedo<br \/>\nrepet\u00edan hip\u00f3critas sus viejas letan\u00edas<br \/>\ny los guardianes de la paz<br \/>\nasesinaban sin remordimientos<br \/>\ny a plena luz del d\u00eda<br \/>\na los indefensos<br \/>\ny a los inocentes sin nombre propio,<br \/>\nalgunos,<br \/>\nmuy pocos,<br \/>\nbondados y sutiles,<br \/>\ncon fr\u00edo de acero en el coraz\u00f3n<br \/>\ny desolados ante el paisaje<br \/>\nse escondieron resignados entre las piedras<br \/>\na esperar la primavera.<\/p>\n","protected":false},"excerpt":{"rendered":"<p>Volvieron los idiotas y los p\u00e1jaros se fueron a otro sitio.<\/p>\n","protected":false},"author":1,"featured_media":0,"comment_status":"open","ping_status":"open","sticky":false,"template":"","format":"standard","meta":[],"categories":[4],"tags":[],"amp_enabled":true,"_links":{"self":[{"href":"https:\/\/www.canal-literatura.es\/Apoesia5\/wp-json\/wp\/v2\/posts\/543"}],"collection":[{"href":"https:\/\/www.canal-literatura.es\/Apoesia5\/wp-json\/wp\/v2\/posts"}],"about":[{"href":"https:\/\/www.canal-literatura.es\/Apoesia5\/wp-json\/wp\/v2\/types\/post"}],"author":[{"embeddable":true,"href":"https:\/\/www.canal-literatura.es\/Apoesia5\/wp-json\/wp\/v2\/users\/1"}],"replies":[{"embeddable":true,"href":"https:\/\/www.canal-literatura.es\/Apoesia5\/wp-json\/wp\/v2\/comments?post=543"}],"version-history":[{"count":0,"href":"https:\/\/www.canal-literatura.es\/Apoesia5\/wp-json\/wp\/v2\/posts\/543\/revisions"}],"wp:attachment":[{"href":"https:\/\/www.canal-literatura.es\/Apoesia5\/wp-json\/wp\/v2\/media?parent=543"}],"wp:term":[{"taxonomy":"category","embeddable":true,"href":"https:\/\/www.canal-literatura.es\/Apoesia5\/wp-json\/wp\/v2\/categories?post=543"},{"taxonomy":"post_tag","embeddable":true,"href":"https:\/\/www.canal-literatura.es\/Apoesia5\/wp-json\/wp\/v2\/tags?post=543"}],"curies":[{"name":"wp","href":"https:\/\/api.w.org\/{rel}","templated":true}]}}