{"id":570,"date":"2009-11-25T12:07:04","date_gmt":"2009-11-25T11:07:04","guid":{"rendered":"https:\/\/www.canal-literatura.es\/Apoesia5\/?p=570"},"modified":"2009-11-25T12:07:04","modified_gmt":"2009-11-25T11:07:04","slug":"115-no-me-llames-don-juan-soy-don-quijote-por-el-gato-verde","status":"publish","type":"post","link":"https:\/\/www.canal-literatura.es\/Apoesia5\/115-no-me-llames-don-juan-soy-don-quijote-por-el-gato-verde\/","title":{"rendered":"115- No me llames don Juan, soy don Quijote. Por El gato verde"},"content":{"rendered":"<p>Para qu\u00e9 te quiero tener<br \/>\nsi ya est\u00e1s en mi recuerdo;<br \/>\npara qu\u00e9 quiero tus besos<br \/>\nsi te beso en mi pensamiento;<!--more--><br \/>\npara qu\u00e9 te quiero mirar<br \/>\nsi est\u00e1s en mi memoria;<br \/>\npara qu\u00e9 te quiero abrazar<br \/>\nsi vives en mi coraz\u00f3n.<br \/>\n\u00a0<\/p>\n<p>Ayer fui Alonso Quijano,<br \/>\nhoy soy don Quijote el glorioso<br \/>\ny quiz\u00e1s dir\u00e1s cuando est\u00e9s sola<br \/>\nen lo m\u00e1s adentro de tus adentros:<br \/>\nyo fui, yo fui la que lo volvi\u00f3 loco.<br \/>\n\u00a0<\/p>\n<p>No necesitas dec\u00edrmelo,<br \/>\nte creo sin que lo jures,<br \/>\nte creo a pie puntillas.<br \/>\n\u00a0<\/p>\n<p>Pero gr\u00edtale la gente,<br \/>\nque soy don Quijote, no don Juan,<br \/>\ny te dir\u00e9 por qu\u00e9:<br \/>\ndon Juan se lanz\u00f3 a conquistar a una mujer<br \/>\npara mostrarle al mundo su gloria<br \/>\ny don Quijote se lanz\u00f3 al mundo a conquistar la gloria<br \/>\npara ofrec\u00e9rsela a su amada.<br \/>\nYo no soy un vanidoso don Juan,<br \/>\nsoy el loco don Quijote,<br \/>\naquel Alfonso Quijano<br \/>\nque de tanto recitarte versos<br \/>\nen los jardines plateados de la luna<br \/>\nse convirti\u00f3 en don Quijote<br \/>\nloco caballero con triste figura.<\/p>\n","protected":false},"excerpt":{"rendered":"<p>Para qu\u00e9 te quiero tener si ya est\u00e1s en mi recuerdo; para qu\u00e9 quiero tus besos si te beso en mi pensamiento;<\/p>\n","protected":false},"author":1,"featured_media":0,"comment_status":"open","ping_status":"open","sticky":false,"template":"","format":"standard","meta":[],"categories":[4],"tags":[],"amp_enabled":true,"_links":{"self":[{"href":"https:\/\/www.canal-literatura.es\/Apoesia5\/wp-json\/wp\/v2\/posts\/570"}],"collection":[{"href":"https:\/\/www.canal-literatura.es\/Apoesia5\/wp-json\/wp\/v2\/posts"}],"about":[{"href":"https:\/\/www.canal-literatura.es\/Apoesia5\/wp-json\/wp\/v2\/types\/post"}],"author":[{"embeddable":true,"href":"https:\/\/www.canal-literatura.es\/Apoesia5\/wp-json\/wp\/v2\/users\/1"}],"replies":[{"embeddable":true,"href":"https:\/\/www.canal-literatura.es\/Apoesia5\/wp-json\/wp\/v2\/comments?post=570"}],"version-history":[{"count":0,"href":"https:\/\/www.canal-literatura.es\/Apoesia5\/wp-json\/wp\/v2\/posts\/570\/revisions"}],"wp:attachment":[{"href":"https:\/\/www.canal-literatura.es\/Apoesia5\/wp-json\/wp\/v2\/media?parent=570"}],"wp:term":[{"taxonomy":"category","embeddable":true,"href":"https:\/\/www.canal-literatura.es\/Apoesia5\/wp-json\/wp\/v2\/categories?post=570"},{"taxonomy":"post_tag","embeddable":true,"href":"https:\/\/www.canal-literatura.es\/Apoesia5\/wp-json\/wp\/v2\/tags?post=570"}],"curies":[{"name":"wp","href":"https:\/\/api.w.org\/{rel}","templated":true}]}}